{"id":1121,"date":"2017-05-21T11:28:05","date_gmt":"2017-05-21T09:28:05","guid":{"rendered":"http:\/\/jugendpflege4.org\/?p=1121"},"modified":"2020-03-23T11:25:43","modified_gmt":"2020-03-23T10:25:43","slug":"jugendtreff-echzell","status":"publish","type":"post","link":"https:\/\/jugendpflege4.org\/index.php\/2017\/05\/21\/jugendtreff-echzell\/","title":{"rendered":"Jugendpflege 4.0"},"content":{"rendered":"<p><div class=\"fusion-fullwidth fullwidth-box nonhundred-percent-fullwidth non-hundred-percent-height-scrolling\"  style='background-color: rgba(255,255,255,0);background-position: center center;background-repeat: no-repeat;padding-top:0px;padding-right:0px;padding-bottom:0px;padding-left:0px;'><div class=\"fusion-builder-row fusion-row \"><div  class=\"fusion-layout-column fusion_builder_column fusion_builder_column_1_1 fusion-builder-column-1 fusion-one-full fusion-column-first fusion-column-last 1_1\"  style='margin-top:0px;margin-bottom:20px;'>\n\t\t\t\t\t<div class=\"fusion-column-wrapper\" style=\"padding: 0px 0px 0px 0px;background-position:left top;background-repeat:no-repeat;-webkit-background-size:cover;-moz-background-size:cover;-o-background-size:cover;background-size:cover;\"   data-bg-url=\"\">\n\t\t\t\t\t\t<div class=\"fusion-text\"><p>Im Mai 2017 entsteht durch den Beitritt der Gemeinde W\u00f6lfersheim die Jugendpflege 4.0. Isabel Unger wird als neue Jugendpflegerin eingestellt.<\/p>\n<\/div><div class=\"fusion-clearfix\"><\/div>\n\n\t\t\t\t\t<\/div>\n\t\t\t\t<\/div><\/div><\/div><div class=\"fusion-fullwidth fullwidth-box nonhundred-percent-fullwidth non-hundred-percent-height-scrolling\"  style='background-color: rgba(255,255,255,0);background-position: center center;background-repeat: no-repeat;padding-top:0px;padding-right:0px;padding-bottom:0px;padding-left:0px;'><div class=\"fusion-builder-row fusion-row \"><div  class=\"fusion-layout-column fusion_builder_column fusion_builder_column_1_1 fusion-builder-column-2 fusion-one-full fusion-column-first fusion-column-last 1_1\"  style='margin-top:0px;margin-bottom:0px;'>\n\t\t\t\t\t<div class=\"fusion-column-wrapper\" style=\"padding: 0px 0px 0px 0px;background-position:left top;background-repeat:no-repeat;-webkit-background-size:cover;-moz-background-size:cover;-o-background-size:cover;background-size:cover;\"   data-bg-url=\"\">\n\t\t\t\t\t\t<div class=\"fusion-text\"><p style=\"text-align: center;\"><strong>Zusammenlegung der Jugendpflegen der vier Kommunen Florstadt, Reichelsheim, Echzell und W\u00f6lfersheim zur Jugendpflege 4.0<\/strong><\/p>\n<p>Die Jugendpflege besch\u00e4ftigte die Gemeinde W\u00f6lfersheim in den vergangenen Monaten. Um das Angebot zu optimieren, entschied man sich mit Florstadt, Reichelsheim und Echzell zusammenzuarbeiten. Vor wenigen Tagen nahmen die Jugendpfleger ihre Arbeit in W\u00f6lfersheim auf. K\u00fcnftig hat das Jugendzentrum Montag bis Mitwoch von 15.30 bis 18.00 Uhr ge\u00f6ffnet.<\/p>\n<p><img loading=\"lazy\" decoding=\"async\" class=\"size-medium wp-image-1391 aligncenter\" src=\"http:\/\/jugendpflege4.org\/wp-content\/uploads\/2017\/05\/w\u00f6lfersheim-300x226.jpg\" alt=\"\" width=\"300\" height=\"226\" srcset=\"https:\/\/jugendpflege4.org\/wp-content\/uploads\/2017\/05\/w\u00f6lfersheim-200x150.jpg 200w, https:\/\/jugendpflege4.org\/wp-content\/uploads\/2017\/05\/w\u00f6lfersheim-300x226.jpg 300w, https:\/\/jugendpflege4.org\/wp-content\/uploads\/2017\/05\/w\u00f6lfersheim-400x301.jpg 400w, https:\/\/jugendpflege4.org\/wp-content\/uploads\/2017\/05\/w\u00f6lfersheim.jpg 407w\" sizes=\"auto, (max-width: 300px) 100vw, 300px\" \/><\/p>\n<p>Um das Angebot an die Bed\u00fcrfnisse der Jugendlichen anzupassen, wurden alle W\u00f6lfersheimer von 10 bis 16 Jahren angeschrieben und zu einem ersten Treffen in den Jugendraum eingeladen. So fanden am vergangenen Montag viele Jugendliche den Weg in die Gie\u00dfener Stra\u00dfe, um gemeinsam W\u00fcnsche und Ideen zu sammeln. Dabei wurden zusammen mit den Jugendlichen drei Wochentage festgelegt, an denen der Jugendtreff ge\u00f6ffnet sein wird. An einem Tag wird J\u00f6rg Pfaffenroth und an den anderen beiden Isabel Unger den Jugendtreff betreuen. Ein Tag der offenen T\u00fcr ist in Planung, bei dem sich auch die Eltern \u00fcber die neue Jugendarbeit, die R\u00e4ume und die Jugendpfleger und auch \u00fcber Angebote informieren k\u00f6nnen. Der Termin wird rechtzeitig bekannt gegeben. F\u00fcr die Sommerferienspiele wird ein umfangreiches Programm mit vielf\u00e4ltigen Aktivit\u00e4ten f\u00fcr Kinder und Jugendliche angeboten. Damit kleinere Ausfl\u00fcge und Aktionen einfach realisiert werden k\u00f6nnen, hat die Gemeinde ein neues Fahrzeug angeschafft. B\u00fcrgermeister Rouven K\u00f6tter \u00fcbergab es unl\u00e4ngst an J\u00f6rg Pfaffenroth, Daniela Stelz, Isabel Unger, Anna K\u00f6lle und Tatjana Sch\u00f6ngen und begr\u00fc\u00dfte das Team der Jugendpflege in W\u00f6lfersheim. &#8222;Ich bin mir sicher, dass wir durch die Zusammenarbeit \u00fcber die Gemeindegrenzen das Angebot f\u00fcr Jugendliche in W\u00f6lfersheim deutlich verbessert haben. Die Jugendpflege leistet bereits in den anderen Kommunen eine sehr gute Arbeit, und davon k\u00f6nnen nun auch W\u00f6lfersheimer Kinder und Jugendliche profitieren.&#8220; so B\u00fcrgermeister Rouven K\u00f6tter.<\/p>\n<p><a href=\"http:\/\/juflorei.blogspot.com\/\" target=\"_blank\" rel=\"noopener noreferrer\">Hier gibt es einen R\u00fcckblick auf die letzten 12 Jahre.<\/a><\/p>\n<\/div><div class=\"fusion-clearfix\"><\/div>\n\n\t\t\t\t\t<\/div>\n\t\t\t\t<\/div><\/div><\/div><\/p>\n","protected":false},"excerpt":{"rendered":"","protected":false},"author":1,"featured_media":0,"comment_status":"open","ping_status":"open","sticky":false,"template":"","format":"standard","meta":{"_bbp_topic_count":0,"_bbp_reply_count":0,"_bbp_total_topic_count":0,"_bbp_total_reply_count":0,"_bbp_voice_count":0,"_bbp_anonymous_reply_count":0,"_bbp_topic_count_hidden":0,"_bbp_reply_count_hidden":0,"_bbp_forum_subforum_count":0,"footnotes":""},"categories":[1],"tags":[],"class_list":["post-1121","post","type-post","status-publish","format-standard","hentry","category-allgemein"],"_links":{"self":[{"href":"https:\/\/jugendpflege4.org\/index.php\/wp-json\/wp\/v2\/posts\/1121","targetHints":{"allow":["GET"]}}],"collection":[{"href":"https:\/\/jugendpflege4.org\/index.php\/wp-json\/wp\/v2\/posts"}],"about":[{"href":"https:\/\/jugendpflege4.org\/index.php\/wp-json\/wp\/v2\/types\/post"}],"author":[{"embeddable":true,"href":"https:\/\/jugendpflege4.org\/index.php\/wp-json\/wp\/v2\/users\/1"}],"replies":[{"embeddable":true,"href":"https:\/\/jugendpflege4.org\/index.php\/wp-json\/wp\/v2\/comments?post=1121"}],"version-history":[{"count":7,"href":"https:\/\/jugendpflege4.org\/index.php\/wp-json\/wp\/v2\/posts\/1121\/revisions"}],"predecessor-version":[{"id":1770,"href":"https:\/\/jugendpflege4.org\/index.php\/wp-json\/wp\/v2\/posts\/1121\/revisions\/1770"}],"wp:attachment":[{"href":"https:\/\/jugendpflege4.org\/index.php\/wp-json\/wp\/v2\/media?parent=1121"}],"wp:term":[{"taxonomy":"category","embeddable":true,"href":"https:\/\/jugendpflege4.org\/index.php\/wp-json\/wp\/v2\/categories?post=1121"},{"taxonomy":"post_tag","embeddable":true,"href":"https:\/\/jugendpflege4.org\/index.php\/wp-json\/wp\/v2\/tags?post=1121"}],"curies":[{"name":"wp","href":"https:\/\/api.w.org\/{rel}","templated":true}]}}