{"id":1989,"date":"2020-08-19T13:47:26","date_gmt":"2020-08-19T11:47:26","guid":{"rendered":"https:\/\/jugendpflege4.org\/?p=1989"},"modified":"2020-08-19T13:47:26","modified_gmt":"2020-08-19T11:47:26","slug":"2-woche-ferienspiele","status":"publish","type":"post","link":"https:\/\/jugendpflege4.org\/index.php\/2020\/08\/19\/2-woche-ferienspiele\/","title":{"rendered":"2. Woche Ferienspiele"},"content":{"rendered":"<div id=\"js_2t\" class=\"_5pbx userContent _3576\" data-testid=\"post_message\" data-ft=\"{&quot;tn&quot;:&quot;K&quot;}\">\n<div id=\"id_5f3d0f7f80d4a9d93079130\" class=\"text_exposed_root text_exposed\">\n<p>Fortf\u00fchrung der Ferienspiele Jugendpflege 4.0<\/p>\n<p>Auch in der zweiten Ferienwoche konnten viele Kinder das Angebot der Jugendpflege 4.0 wahrnehmen.<br \/>\nWieder haben die Kommunen Florstadt, Reichelsheim, Echzell und W\u00f6lfersheim ein umfangreiches und sehr buntes Programm vorbereitet.<\/p>\n<div class=\"text_exposed_show\">\n<p>Die Woche startete erneut mit den Anglern vom ASV Weckesheim und der M\u00f6glichkeit das Angeln von kleinen Fischen zu \u00fcben und den Angelsport n\u00e4her kennenzulernen.<\/p>\n<p>Am zweiten und dritten Tag fand unter dem Motto \u201eLicht und Schatten\u201c ein mehrt\u00e4giges Angebot statt, bei dem die TeilnehmerInnen verschiedene Kameraeinstellungen und Fotografieschwerpunkte kennenlernen und ausprobieren konnten. In drei Gruppen wurden Portraitfotografie, Makrofotografie und Lightpainting n\u00e4her entdeckt.<br \/>\nVor allem der letzte Punkt hat den Kindern und Jugendlichen viel Freude bereitet, da sie bisher keinerlei Erfahrungen mit dem Gestalten eines dunklen Raums mittels Licht gesammelt hatten. Mithilfe von Fingerlampen, Taschenlampen, Leuchtst\u00e4ben und Lichterketten sind viele tolle und bunte Bilder entstanden. Teilweise einsehbar auf der Homepage der Jugendpflege 4.0 (<a href=\"https:\/\/l.facebook.com\/l.php?u=http%3A%2F%2Fwww.jugendpflege4.org%2F%3Ffbclid%3DIwAR0ww2-fPnBImX0T1qiCpspQCxEQ7QTnGG4NI7_KRg0HKDc6bEAEQzZXD4A&amp;h=AT1EFRGFLE8URcpjY3GREQhiHFSHbMlwGZ0ujeKfkZVxz4BlSaR8B-Sh935JD56_nLrdUh1XizkYcJePS2IZV_fyGeUkVqD-H9PrqheXeb73w3Md314PLqIqnrVjCyhx_RvNESzrtFQl9EbHkiK5dxaq65B2l28LIaDe66lp3Qh8tsyipw\" target=\"_blank\" rel=\"noopener nofollow noreferrer\" data-ft=\"{&quot;tn&quot;:&quot;-U&quot;}\" data-lynx-mode=\"asynclazy\">www.jugendpflege4.org<\/a>). Am darauffolgenden Tag lag der Schwerpunkt mehr auf dem Experimentieren mit verschiedenen Lichtverh\u00e4ltnissen und dem Basteln von passenden Accessoires wie Schneebrille, Sonnenuhr und Zauberfernrohr.<\/p>\n<p>Ebenfalls am dritten Tag der zweiten Woche fand das Minig\u00e4rtenprojekt mit Elke Schneider-Schnur in Leidhecken statt. Dort durften die TeilnehmerInnen eigene kleine Landschaftsentw\u00fcrfe realisieren und in Miniaturform ausstellen. Wie jedes Jahr sorgte dieses Angebot f\u00fcr viel Begeisterung.<\/p>\n<p>Mit dem Donnerstag starteten gleich zwei gr\u00f6\u00dfere Angebote. Zum einen ein f\u00fcnfst\u00fcndiges Angebot ausschlie\u00dflich f\u00fcr M\u00e4dchen in W\u00f6lfersheim, bei welchem tolle Kosmetikartikel hergestellt werden konnten. Au\u00dferdem konnten die jungen M\u00e4dchen und Frauen ihr Selbstvertrauen in kleineren \u00dcbungen st\u00e4rken.<br \/>\nZum anderen begann in Echzell das erste von vier \u201eNatur pur\u201c-Angeboten. Hier durften die TeilnehmerInnen am ersten Tag ihre handwerklichen F\u00e4higkeiten unter Beweis stellen, indem flei\u00dfig Dosenbienen, Insektenhotels und bunte Blument\u00f6pfe hergestellt wurden. Den zweiten Tag und auch Abschluss der Woche bildete eine Wanderung zu dem Imker Herr Wei\u00df in Geisenheim. Dieser zeigte den Kindern und Jugendlichen seine St\u00f6cke, beantwortete geduldig alle Fragen und erl\u00e4uterte das Leben in einem Bienenvolk. Au\u00dferdem durften die Kinder ein paar der Drohnen auf die Hand nehmen, eine r\u00e4uberische Wespe beobachten und nach der Bienenk\u00f6nigin suchen. Beendet wurde der Tag auf dem Spielplatz am W\u00f6lfersheimer See.<\/p>\n<p>Das Ferienprogramm der Jugendpflege 4.0 findet in den gesamten Sommerferien statt. Kinder und Jugendliche k\u00f6nnen sich weiterhin zu noch freien Veranstaltungen anmelden. Das Programm ist unter <a href=\"http:\/\/www.unser-ferienprogramm.de\/jugendpflege4?fbclid=IwAR0CBcIAQxjSmILxefPkjgb88i0ERl-BkWYGV17M5FJsfA4fYBxtVYu1Uco\" target=\"_blank\" rel=\"noopener nofollow noreferrer\" data-ft=\"{&quot;tn&quot;:&quot;-U&quot;}\" data-lynx-mode=\"asynclazy\" data-lynx-uri=\"https:\/\/l.facebook.com\/l.php?u=http%3A%2F%2Fwww.unser-ferienprogramm.de%2Fjugendpflege4%3Ffbclid%3DIwAR0CBcIAQxjSmILxefPkjgb88i0ERl-BkWYGV17M5FJsfA4fYBxtVYu1Uco&amp;h=AT3SlNfdv2rhGbML6qmnqFeAmpkWfLi5CMacOcSLSpmTOAVxH3pfO-TysKn_J0sTYHEa9XL-R9oomQv8ylbWLP_tOvvJCaGn1sRKk5bQPKf-nv6UWbTE-br379ZccP9KdNmNcWsovO8fwfZJkYzuh_IIOlpCH-7QjTcxpxjkZVZx83Gesw\">www.unser-ferienprogramm.de\/jugendpflege4<\/a> zu finden.<\/p>\n<\/div>\n<\/div>\n<\/div>\n<div class=\"_3x-2\" data-ft=\"{&quot;tn&quot;:&quot;H&quot;}\">\n<div data-ft=\"{&quot;tn&quot;:&quot;H&quot;}\">\n<div class=\"mtm\">\n<div class=\"_2a2q _65sr\">\n<div class=\"_46-h\"><img loading=\"lazy\" decoding=\"async\" class=\"_46-i img aligncenter\" src=\"https:\/\/scontent-frt3-1.xx.fbcdn.net\/v\/t1.0-0\/p261x260\/116038772_320177169099329_5405436586978762407_o.jpg?_nc_cat=104&amp;_nc_sid=8024bb&amp;_nc_ohc=jjOeguX7aZwAX964uJr&amp;_nc_oc=AQnkymdgJpHaqm-ygGuwOqfcQQlKY-ha1ceqeoopGUuQ1epzRtir0jMuOrp-zSAurxEDJUZ28ohbvsHg6CtTkw_3&amp;_nc_ht=scontent-frt3-1.xx&amp;_nc_tp=6&amp;oh=7e9d139ac2862c5747aef78102336a33&amp;oe=5F62E3B3\" alt=\"Bild k\u00f6nnte enthalten: eine oder mehrere Personen, Personen, die stehen, Kind, Schuhe und im Freien\" width=\"261\" height=\"389\" data-src=\"https:\/\/scontent-frt3-1.xx.fbcdn.net\/v\/t1.0-0\/p261x260\/116038772_320177169099329_5405436586978762407_o.jpg?_nc_cat=104&amp;_nc_sid=8024bb&amp;_nc_ohc=jjOeguX7aZwAX964uJr&amp;_nc_oc=AQnkymdgJpHaqm-ygGuwOqfcQQlKY-ha1ceqeoopGUuQ1epzRtir0jMuOrp-zSAurxEDJUZ28ohbvsHg6CtTkw_3&amp;_nc_ht=scontent-frt3-1.xx&amp;_nc_tp=6&amp;oh=7e9d139ac2862c5747aef78102336a33&amp;oe=5F62E3B3\" \/><\/div>\n<\/div>\n<\/div>\n<\/div>\n<\/div>\n","protected":false},"excerpt":{"rendered":"<p>Fortf\u00fchrung der Ferienspiele Jugendpflege 4.0 Auch in der zweiten Ferienwoche konnten viele Kinder das Angebot der Jugendpflege 4.0 wahrnehmen. Wieder haben die Kommunen Florstadt, Reichelsheim, Echzell und W\u00f6lfersheim ein umfangreiches und sehr buntes Programm vorbereitet. Die Woche startete erneut mit den Anglern vom ASV Weckesheim und der M\u00f6glichkeit das Angeln von kleinen Fischen zu \u00fcben [&hellip;]<\/p>\n","protected":false},"author":1,"featured_media":0,"comment_status":"open","ping_status":"open","sticky":false,"template":"","format":"standard","meta":{"_bbp_topic_count":0,"_bbp_reply_count":0,"_bbp_total_topic_count":0,"_bbp_total_reply_count":0,"_bbp_voice_count":0,"_bbp_anonymous_reply_count":0,"_bbp_topic_count_hidden":0,"_bbp_reply_count_hidden":0,"_bbp_forum_subforum_count":0,"footnotes":""},"categories":[1],"tags":[],"class_list":["post-1989","post","type-post","status-publish","format-standard","hentry","category-allgemein"],"_links":{"self":[{"href":"https:\/\/jugendpflege4.org\/index.php\/wp-json\/wp\/v2\/posts\/1989","targetHints":{"allow":["GET"]}}],"collection":[{"href":"https:\/\/jugendpflege4.org\/index.php\/wp-json\/wp\/v2\/posts"}],"about":[{"href":"https:\/\/jugendpflege4.org\/index.php\/wp-json\/wp\/v2\/types\/post"}],"author":[{"embeddable":true,"href":"https:\/\/jugendpflege4.org\/index.php\/wp-json\/wp\/v2\/users\/1"}],"replies":[{"embeddable":true,"href":"https:\/\/jugendpflege4.org\/index.php\/wp-json\/wp\/v2\/comments?post=1989"}],"version-history":[{"count":1,"href":"https:\/\/jugendpflege4.org\/index.php\/wp-json\/wp\/v2\/posts\/1989\/revisions"}],"predecessor-version":[{"id":1990,"href":"https:\/\/jugendpflege4.org\/index.php\/wp-json\/wp\/v2\/posts\/1989\/revisions\/1990"}],"wp:attachment":[{"href":"https:\/\/jugendpflege4.org\/index.php\/wp-json\/wp\/v2\/media?parent=1989"}],"wp:term":[{"taxonomy":"category","embeddable":true,"href":"https:\/\/jugendpflege4.org\/index.php\/wp-json\/wp\/v2\/categories?post=1989"},{"taxonomy":"post_tag","embeddable":true,"href":"https:\/\/jugendpflege4.org\/index.php\/wp-json\/wp\/v2\/tags?post=1989"}],"curies":[{"name":"wp","href":"https:\/\/api.w.org\/{rel}","templated":true}]}}