{"id":1991,"date":"2020-08-19T13:49:25","date_gmt":"2020-08-19T11:49:25","guid":{"rendered":"https:\/\/jugendpflege4.org\/?p=1991"},"modified":"2020-08-19T13:49:25","modified_gmt":"2020-08-19T11:49:25","slug":"graffiti-wand-am-jugendraum-reichelsheim","status":"publish","type":"post","link":"https:\/\/jugendpflege4.org\/index.php\/2020\/08\/19\/graffiti-wand-am-jugendraum-reichelsheim\/","title":{"rendered":"Graffiti Wand am Jugendraum Reichelsheim"},"content":{"rendered":"<p>Hall of Fame &#8211; legale Graffitiwand f\u00fcr junge K\u00fcnstler im Hof des Reichelsheimer Jugendraums<\/p>\n<p>Legal sprayen und die F\u00e4higkeiten des Graffiti vertiefen ist nun auch in Reichelsheim m\u00f6glich. Auf einer Wand, die circa 3 Meter hoch und 10 Meter lang ist, haben junge K\u00fcnstler nun die M\u00f6glichkeit ihre Kunstwerke zu hinterlassen.<br \/>\nDie drei K\u00fcnstler \u201eReimerone\u201c, \u201eRize 39\u201c und \u201ePTG\u201c haben bereits 4,5 h Stunden genutzt um ihr Erkennungsmerkmal und Pseudonym dort anzubringen. Die Idee der<span class=\"text_exposed_show\"> \u201elegal Wall\u201c hatte einer der drei Jugendlichen und sprach die Jugendpflege 4.0 direkt per Email an. Jugendpflegerin Daniela Stelz setzte sich darauf mit den drei K\u00fcnstlern in Verbindung. Es wurden Skizzen angesehen und Regeln vereinbart. An der \u201eHall of Fame\u201c d\u00fcrfen keine rassistischen, sexistischen und diskriminierenden Graffitis entstehen.<br \/>\nDie Stadt Reichelsheim gab die Wand nun frei. \u201eRize 39\u201c half gemeinsam mit Daniela Stelz und dem Bauhof der Stadt Reichelsheim dabei die Wand vorzubereiten. In dem vorgegebenen Rahmen darf nun legal gesprayt werden. Die angrenzenden D\u00e4cher der Firma Welcker d\u00fcrfen jedoch nicht betreten werden. Herr Welcker stellt einen Teil seiner W\u00e4nde, die an den Hof angrenzen, freundlicherweise bereits zur Verf\u00fcgung.<br \/>\nWer mehr von den drei K\u00fcnstlern sehen m\u00f6chte kann sie auf Instagram unter @reimerone_ @rize.39 und @ptg.art finden. <\/span><\/p>\n<div class=\"text_exposed_show\">\n<p>Die \u201eHall of Fame\u201c findet ihr in der Neugasse 37 in 61203 Reichelsheim.<\/p>\n<p>Die Jugendpflege 4.0 bedankt sich bei den jungen K\u00fcnstlern f\u00fcr ihre Idee und Umsetzung sowie beim Bauhof der Stadt Reichelsheim f\u00fcr die tolle Unterst\u00fctzung.<\/p>\n<p style=\"text-align: center;\"><img decoding=\"async\" class=\"spotlight\" src=\"https:\/\/scontent-frx5-1.xx.fbcdn.net\/v\/t1.0-9\/115803618_322494395534273_1607917071352888011_o.jpg?_nc_cat=110&amp;_nc_sid=8024bb&amp;_nc_ohc=liHMtpDqWBYAX_iFjeo&amp;_nc_ht=scontent-frx5-1.xx&amp;oh=55578de94d61c706bdfce4fda35ec385&amp;oe=5F6212F4\" alt=\"Keine Fotobeschreibung verf\u00fcgbar.\" aria-busy=\"false\" \/><\/p>\n<\/div>\n","protected":false},"excerpt":{"rendered":"<p>Hall of Fame &#8211; legale Graffitiwand f\u00fcr junge K\u00fcnstler im Hof des Reichelsheimer Jugendraums Legal sprayen und die F\u00e4higkeiten des Graffiti vertiefen ist nun auch in Reichelsheim m\u00f6glich. Auf einer Wand, die circa 3 Meter hoch und 10 Meter lang ist, haben junge K\u00fcnstler nun die M\u00f6glichkeit ihre Kunstwerke zu hinterlassen. Die drei K\u00fcnstler \u201eReimerone\u201c, [&hellip;]<\/p>\n","protected":false},"author":1,"featured_media":0,"comment_status":"open","ping_status":"open","sticky":false,"template":"","format":"standard","meta":{"_bbp_topic_count":0,"_bbp_reply_count":0,"_bbp_total_topic_count":0,"_bbp_total_reply_count":0,"_bbp_voice_count":0,"_bbp_anonymous_reply_count":0,"_bbp_topic_count_hidden":0,"_bbp_reply_count_hidden":0,"_bbp_forum_subforum_count":0,"footnotes":""},"categories":[1],"tags":[],"class_list":["post-1991","post","type-post","status-publish","format-standard","hentry","category-allgemein"],"_links":{"self":[{"href":"https:\/\/jugendpflege4.org\/index.php\/wp-json\/wp\/v2\/posts\/1991","targetHints":{"allow":["GET"]}}],"collection":[{"href":"https:\/\/jugendpflege4.org\/index.php\/wp-json\/wp\/v2\/posts"}],"about":[{"href":"https:\/\/jugendpflege4.org\/index.php\/wp-json\/wp\/v2\/types\/post"}],"author":[{"embeddable":true,"href":"https:\/\/jugendpflege4.org\/index.php\/wp-json\/wp\/v2\/users\/1"}],"replies":[{"embeddable":true,"href":"https:\/\/jugendpflege4.org\/index.php\/wp-json\/wp\/v2\/comments?post=1991"}],"version-history":[{"count":3,"href":"https:\/\/jugendpflege4.org\/index.php\/wp-json\/wp\/v2\/posts\/1991\/revisions"}],"predecessor-version":[{"id":1994,"href":"https:\/\/jugendpflege4.org\/index.php\/wp-json\/wp\/v2\/posts\/1991\/revisions\/1994"}],"wp:attachment":[{"href":"https:\/\/jugendpflege4.org\/index.php\/wp-json\/wp\/v2\/media?parent=1991"}],"wp:term":[{"taxonomy":"category","embeddable":true,"href":"https:\/\/jugendpflege4.org\/index.php\/wp-json\/wp\/v2\/categories?post=1991"},{"taxonomy":"post_tag","embeddable":true,"href":"https:\/\/jugendpflege4.org\/index.php\/wp-json\/wp\/v2\/tags?post=1991"}],"curies":[{"name":"wp","href":"https:\/\/api.w.org\/{rel}","templated":true}]}}