{"id":2003,"date":"2020-08-21T12:09:31","date_gmt":"2020-08-21T10:09:31","guid":{"rendered":"https:\/\/jugendpflege4.org\/?p=2003"},"modified":"2020-08-21T12:10:46","modified_gmt":"2020-08-21T10:10:46","slug":"5-woche-ferienspiele","status":"publish","type":"post","link":"https:\/\/jugendpflege4.org\/index.php\/2020\/08\/21\/5-woche-ferienspiele\/","title":{"rendered":"5. Woche Ferienspiele"},"content":{"rendered":"<p><strong>R\u00fcckblick der 5. Ferienspielwoche<\/strong><\/p>\n<p>Die f\u00fcnfte und vorletzte Woche der Sommerferienspiele der Jugendpflege 4.0 wurde besonders durch ein mehrt\u00e4giges Graffitiprojekt gepr\u00e4gt. Insgesamt 16 Jugendliche haben in Echzell und Florstadt daf\u00fcr gesorgt einen Container und zwei Garagen neu zu gestalten. Mit vielen bunten Farben wurden neue Motive an die W\u00e4nde gesprayt und diese somit in neuem Glanz erstrahlen lassen.<\/p>\n<p>Au\u00dferdem hat der TTC Echzell mit einem Schnuppertag im Tischtennis wieder ein sportliches Angebot zu den Ferienspielen beigetragen. Insgesamt 10 Kinder konnten grundlegende Aspekte wie moderne Schlagtechniken und den Aufbau einer Trainings- und Wettkampf-Einheit erlenen.<\/p>\n<p>Wir bedanken uns bei Florian Schimke und dem TTC Echzell f\u00fcr die tollen Beitr\u00e4ge in den Sommerferienspielen 2020.<\/p>\n<p><img decoding=\"async\" class=\"spotlight\" src=\"https:\/\/scontent-frt3-1.xx.fbcdn.net\/v\/t1.0-9\/117949368_350870802696632_1507024788473612881_o.jpg?_nc_cat=107&amp;_nc_sid=8024bb&amp;_nc_ohc=TTAw626JRa8AX9Yx8d7&amp;_nc_ht=scontent-frt3-1.xx&amp;oh=1ca71444158aff33bc85c72893e92919&amp;oe=5F63CB3E\" alt=\"Bild k\u00f6nnte enthalten: Pflanze, Himmel, Baum und im Freien\" aria-busy=\"false\" \/><\/p>\n","protected":false},"excerpt":{"rendered":"<p>R\u00fcckblick der 5. Ferienspielwoche Die f\u00fcnfte und vorletzte Woche der Sommerferienspiele der Jugendpflege 4.0 wurde besonders durch ein mehrt\u00e4giges Graffitiprojekt gepr\u00e4gt. Insgesamt 16 Jugendliche haben in Echzell und Florstadt daf\u00fcr gesorgt einen Container und zwei Garagen neu zu gestalten. Mit vielen bunten Farben wurden neue Motive an die W\u00e4nde gesprayt und diese somit in neuem [&hellip;]<\/p>\n","protected":false},"author":1,"featured_media":0,"comment_status":"open","ping_status":"open","sticky":false,"template":"","format":"standard","meta":{"_bbp_topic_count":0,"_bbp_reply_count":0,"_bbp_total_topic_count":0,"_bbp_total_reply_count":0,"_bbp_voice_count":0,"_bbp_anonymous_reply_count":0,"_bbp_topic_count_hidden":0,"_bbp_reply_count_hidden":0,"_bbp_forum_subforum_count":0,"footnotes":""},"categories":[1],"tags":[],"class_list":["post-2003","post","type-post","status-publish","format-standard","hentry","category-allgemein"],"_links":{"self":[{"href":"https:\/\/jugendpflege4.org\/index.php\/wp-json\/wp\/v2\/posts\/2003","targetHints":{"allow":["GET"]}}],"collection":[{"href":"https:\/\/jugendpflege4.org\/index.php\/wp-json\/wp\/v2\/posts"}],"about":[{"href":"https:\/\/jugendpflege4.org\/index.php\/wp-json\/wp\/v2\/types\/post"}],"author":[{"embeddable":true,"href":"https:\/\/jugendpflege4.org\/index.php\/wp-json\/wp\/v2\/users\/1"}],"replies":[{"embeddable":true,"href":"https:\/\/jugendpflege4.org\/index.php\/wp-json\/wp\/v2\/comments?post=2003"}],"version-history":[{"count":1,"href":"https:\/\/jugendpflege4.org\/index.php\/wp-json\/wp\/v2\/posts\/2003\/revisions"}],"predecessor-version":[{"id":2004,"href":"https:\/\/jugendpflege4.org\/index.php\/wp-json\/wp\/v2\/posts\/2003\/revisions\/2004"}],"wp:attachment":[{"href":"https:\/\/jugendpflege4.org\/index.php\/wp-json\/wp\/v2\/media?parent=2003"}],"wp:term":[{"taxonomy":"category","embeddable":true,"href":"https:\/\/jugendpflege4.org\/index.php\/wp-json\/wp\/v2\/categories?post=2003"},{"taxonomy":"post_tag","embeddable":true,"href":"https:\/\/jugendpflege4.org\/index.php\/wp-json\/wp\/v2\/tags?post=2003"}],"curies":[{"name":"wp","href":"https:\/\/api.w.org\/{rel}","templated":true}]}}