{"id":2011,"date":"2020-08-21T12:21:34","date_gmt":"2020-08-21T10:21:34","guid":{"rendered":"https:\/\/jugendpflege4.org\/?p=2011"},"modified":"2020-08-21T12:21:34","modified_gmt":"2020-08-21T10:21:34","slug":"jugendraeume-nach-den-ferien","status":"publish","type":"post","link":"https:\/\/jugendpflege4.org\/index.php\/2020\/08\/21\/jugendraeume-nach-den-ferien\/","title":{"rendered":"Jugendr\u00e4ume nach den Ferien"},"content":{"rendered":"<p>Liebe Kinder, Jugendliche und Eltern,<\/p>\n<p>wir w\u00fcnschen euch allen einen sch\u00f6nen Start ins neue Schuljahr!<\/p>\n<p>Wir m\u00f6chten euch mitteilen, dass wir ab dieser Woche wieder vereinzelte Jugendr\u00e4ume \u00f6ffnen werden. Aufgrund der anhaltenden Situation, werden diese jedoch nur drau\u00dfen (wenn es nicht regnet) stattfinden.<\/p>\n<p>In der Zeit bis zu den Herbstferien machen wir Programm f\u00fcr folgende Jugendr\u00e4ume:<\/p>\n<p>In Florstadt treffen wir uns jeden Dienstag, in Dorn-Assenheim jeden Mittwoch, in Echzell montags und in W\u00f6lfersheim donnerstags.<\/p>\n<p>Am 14.\/21. und 28.9.20 \u00f6ffnen wir Beienheim, 16.\/23. und 30.9.20 Leidhecken, 17.\/24.09 und 1.10.20 Stammheim.<\/p>\n<p>Wir treffen uns immer von 15-17 Uhr (au\u00dfer in Florstadt da treffen wir uns von 16-18 Uhr) vor den jeweiligen Jugendr\u00e4umen und gehen gemeinsam auf die nahegelegenen Bolz- \/ und Spielpl\u00e4tze. In Echzell treffen wir uns an der Fun Box an der Horlofftalhalle.<\/p>\n<p>Die Zahl der Kinder ist auf 10 begrenzt, damit diese ohne Abstand spielen d\u00fcrfen.<\/p>\n<p>In den Herbstferien sind dann unsere Ferienspiele. Wie es danach weiter geht, entscheiden wir nach den bis dahin vorgegebenen Richtlinien.<\/p>\n<p>Wir freuen uns schon sehr euch wieder zu sehen!<\/p>\n<p>Bis dahin,<\/p>\n<p>Eure Jugendpflege 4.0<\/p>\n<p><img loading=\"lazy\" decoding=\"async\" class=\"alignnone size-full wp-image-2008\" src=\"https:\/\/jugendpflege4.org\/wp-content\/uploads\/2020\/08\/20200818_153459-scaled.jpg\" alt=\"\" width=\"2560\" height=\"1920\" srcset=\"https:\/\/jugendpflege4.org\/wp-content\/uploads\/2020\/08\/20200818_153459-200x150.jpg 200w, https:\/\/jugendpflege4.org\/wp-content\/uploads\/2020\/08\/20200818_153459-300x225.jpg 300w, https:\/\/jugendpflege4.org\/wp-content\/uploads\/2020\/08\/20200818_153459-400x300.jpg 400w, https:\/\/jugendpflege4.org\/wp-content\/uploads\/2020\/08\/20200818_153459-600x450.jpg 600w, https:\/\/jugendpflege4.org\/wp-content\/uploads\/2020\/08\/20200818_153459-768x576.jpg 768w, https:\/\/jugendpflege4.org\/wp-content\/uploads\/2020\/08\/20200818_153459-800x600.jpg 800w, https:\/\/jugendpflege4.org\/wp-content\/uploads\/2020\/08\/20200818_153459-1024x768.jpg 1024w, https:\/\/jugendpflege4.org\/wp-content\/uploads\/2020\/08\/20200818_153459-1200x900.jpg 1200w, https:\/\/jugendpflege4.org\/wp-content\/uploads\/2020\/08\/20200818_153459-1536x1152.jpg 1536w, https:\/\/jugendpflege4.org\/wp-content\/uploads\/2020\/08\/20200818_153459-scaled.jpg 2560w\" sizes=\"auto, (max-width: 2560px) 100vw, 2560px\" \/><\/p>\n","protected":false},"excerpt":{"rendered":"<p>Liebe Kinder, Jugendliche und Eltern, wir w\u00fcnschen euch allen einen sch\u00f6nen Start ins neue Schuljahr! Wir m\u00f6chten euch mitteilen, dass wir ab dieser Woche wieder vereinzelte Jugendr\u00e4ume \u00f6ffnen werden. Aufgrund der anhaltenden Situation, werden diese jedoch nur drau\u00dfen (wenn es nicht regnet) stattfinden. In der Zeit bis zu den Herbstferien machen wir Programm f\u00fcr folgende [&hellip;]<\/p>\n","protected":false},"author":1,"featured_media":0,"comment_status":"open","ping_status":"open","sticky":false,"template":"","format":"standard","meta":{"_bbp_topic_count":0,"_bbp_reply_count":0,"_bbp_total_topic_count":0,"_bbp_total_reply_count":0,"_bbp_voice_count":0,"_bbp_anonymous_reply_count":0,"_bbp_topic_count_hidden":0,"_bbp_reply_count_hidden":0,"_bbp_forum_subforum_count":0,"footnotes":""},"categories":[1],"tags":[],"class_list":["post-2011","post","type-post","status-publish","format-standard","hentry","category-allgemein"],"_links":{"self":[{"href":"https:\/\/jugendpflege4.org\/index.php\/wp-json\/wp\/v2\/posts\/2011","targetHints":{"allow":["GET"]}}],"collection":[{"href":"https:\/\/jugendpflege4.org\/index.php\/wp-json\/wp\/v2\/posts"}],"about":[{"href":"https:\/\/jugendpflege4.org\/index.php\/wp-json\/wp\/v2\/types\/post"}],"author":[{"embeddable":true,"href":"https:\/\/jugendpflege4.org\/index.php\/wp-json\/wp\/v2\/users\/1"}],"replies":[{"embeddable":true,"href":"https:\/\/jugendpflege4.org\/index.php\/wp-json\/wp\/v2\/comments?post=2011"}],"version-history":[{"count":1,"href":"https:\/\/jugendpflege4.org\/index.php\/wp-json\/wp\/v2\/posts\/2011\/revisions"}],"predecessor-version":[{"id":2012,"href":"https:\/\/jugendpflege4.org\/index.php\/wp-json\/wp\/v2\/posts\/2011\/revisions\/2012"}],"wp:attachment":[{"href":"https:\/\/jugendpflege4.org\/index.php\/wp-json\/wp\/v2\/media?parent=2011"}],"wp:term":[{"taxonomy":"category","embeddable":true,"href":"https:\/\/jugendpflege4.org\/index.php\/wp-json\/wp\/v2\/categories?post=2011"},{"taxonomy":"post_tag","embeddable":true,"href":"https:\/\/jugendpflege4.org\/index.php\/wp-json\/wp\/v2\/tags?post=2011"}],"curies":[{"name":"wp","href":"https:\/\/api.w.org\/{rel}","templated":true}]}}