{"id":2060,"date":"2020-10-13T08:47:22","date_gmt":"2020-10-13T06:47:22","guid":{"rendered":"https:\/\/jugendpflege4.org\/?p=2060"},"modified":"2020-10-13T08:48:02","modified_gmt":"2020-10-13T06:48:02","slug":"jugendtreffs-nach-den-herbstferien","status":"publish","type":"post","link":"https:\/\/jugendpflege4.org\/index.php\/2020\/10\/13\/jugendtreffs-nach-den-herbstferien\/","title":{"rendered":"Jugendtreffs nach den Herbstferien"},"content":{"rendered":"<p><strong><em>Nach den Ferien \u00f6ffnen wieder unsere Outdoor Jugendr\u00e4ume!<\/em><\/strong><\/p>\n<p>Liebe Eltern, liebe Kinder und Jugendliche,<\/p>\n<p>nach den Herbstferien findet der Outdoor Jugendraum auch in Reichelsheim statt!<\/p>\n<p>Bitte beachtet, dass wir in einigen Kommunen andere Orte anfahren m\u00fcssen. Aufgrund des Wetters, werden R\u00e4ume ben\u00f6tigt, die gro\u00df genug sind um im Notfall reingehen zu k\u00f6nnen.<\/p>\n<p>Au\u00dferdem ist es wichtig, dass die Kinder f\u00fcr diesen Fall immer eine Maske dabei haben.<\/p>\n<p>Wie schon vor der Herbstferien kann nur eine maximale Anzahl von 10 Kindern\/Jugendlichen teilnehmen um zumindest drau\u00dfen keinen Abstand einhalten zu m\u00fcssen.<\/p>\n<p style=\"text-align: center;\"><img loading=\"lazy\" decoding=\"async\" class=\"alignnone size-full wp-image-2061\" src=\"https:\/\/jugendpflege4.org\/wp-content\/uploads\/2020\/10\/OutdoorJugendraum3.jpg\" alt=\"\" width=\"1301\" height=\"756\" srcset=\"https:\/\/jugendpflege4.org\/wp-content\/uploads\/2020\/10\/OutdoorJugendraum3-200x116.jpg 200w, https:\/\/jugendpflege4.org\/wp-content\/uploads\/2020\/10\/OutdoorJugendraum3-300x174.jpg 300w, https:\/\/jugendpflege4.org\/wp-content\/uploads\/2020\/10\/OutdoorJugendraum3-400x232.jpg 400w, https:\/\/jugendpflege4.org\/wp-content\/uploads\/2020\/10\/OutdoorJugendraum3-600x349.jpg 600w, https:\/\/jugendpflege4.org\/wp-content\/uploads\/2020\/10\/OutdoorJugendraum3-768x446.jpg 768w, https:\/\/jugendpflege4.org\/wp-content\/uploads\/2020\/10\/OutdoorJugendraum3-800x465.jpg 800w, https:\/\/jugendpflege4.org\/wp-content\/uploads\/2020\/10\/OutdoorJugendraum3-1024x595.jpg 1024w, https:\/\/jugendpflege4.org\/wp-content\/uploads\/2020\/10\/OutdoorJugendraum3-1200x697.jpg 1200w, https:\/\/jugendpflege4.org\/wp-content\/uploads\/2020\/10\/OutdoorJugendraum3.jpg 1301w\" sizes=\"auto, (max-width: 1301px) 100vw, 1301px\" \/><\/p>\n<p>&nbsp;<\/p>\n","protected":false},"excerpt":{"rendered":"<p>Nach den Ferien \u00f6ffnen wieder unsere Outdoor Jugendr\u00e4ume! Liebe Eltern, liebe Kinder und Jugendliche, nach den Herbstferien findet der Outdoor Jugendraum auch in Reichelsheim statt! Bitte beachtet, dass wir in einigen Kommunen andere Orte anfahren m\u00fcssen. Aufgrund des Wetters, werden R\u00e4ume ben\u00f6tigt, die gro\u00df genug sind um im Notfall reingehen zu k\u00f6nnen. Au\u00dferdem ist es [&hellip;]<\/p>\n","protected":false},"author":1,"featured_media":0,"comment_status":"open","ping_status":"open","sticky":false,"template":"","format":"standard","meta":{"_bbp_topic_count":0,"_bbp_reply_count":0,"_bbp_total_topic_count":0,"_bbp_total_reply_count":0,"_bbp_voice_count":0,"_bbp_anonymous_reply_count":0,"_bbp_topic_count_hidden":0,"_bbp_reply_count_hidden":0,"_bbp_forum_subforum_count":0,"footnotes":""},"categories":[1],"tags":[],"class_list":["post-2060","post","type-post","status-publish","format-standard","hentry","category-allgemein"],"_links":{"self":[{"href":"https:\/\/jugendpflege4.org\/index.php\/wp-json\/wp\/v2\/posts\/2060","targetHints":{"allow":["GET"]}}],"collection":[{"href":"https:\/\/jugendpflege4.org\/index.php\/wp-json\/wp\/v2\/posts"}],"about":[{"href":"https:\/\/jugendpflege4.org\/index.php\/wp-json\/wp\/v2\/types\/post"}],"author":[{"embeddable":true,"href":"https:\/\/jugendpflege4.org\/index.php\/wp-json\/wp\/v2\/users\/1"}],"replies":[{"embeddable":true,"href":"https:\/\/jugendpflege4.org\/index.php\/wp-json\/wp\/v2\/comments?post=2060"}],"version-history":[{"count":2,"href":"https:\/\/jugendpflege4.org\/index.php\/wp-json\/wp\/v2\/posts\/2060\/revisions"}],"predecessor-version":[{"id":2063,"href":"https:\/\/jugendpflege4.org\/index.php\/wp-json\/wp\/v2\/posts\/2060\/revisions\/2063"}],"wp:attachment":[{"href":"https:\/\/jugendpflege4.org\/index.php\/wp-json\/wp\/v2\/media?parent=2060"}],"wp:term":[{"taxonomy":"category","embeddable":true,"href":"https:\/\/jugendpflege4.org\/index.php\/wp-json\/wp\/v2\/categories?post=2060"},{"taxonomy":"post_tag","embeddable":true,"href":"https:\/\/jugendpflege4.org\/index.php\/wp-json\/wp\/v2\/tags?post=2060"}],"curies":[{"name":"wp","href":"https:\/\/api.w.org\/{rel}","templated":true}]}}