{"id":2086,"date":"2020-10-30T11:54:28","date_gmt":"2020-10-30T10:54:28","guid":{"rendered":"https:\/\/jugendpflege4.org\/?p=2086"},"modified":"2020-10-30T11:54:29","modified_gmt":"2020-10-30T10:54:29","slug":"outdoor-jugendraeume-geschlossen","status":"publish","type":"post","link":"https:\/\/jugendpflege4.org\/index.php\/2020\/10\/30\/outdoor-jugendraeume-geschlossen\/","title":{"rendered":"Outdoor Jugendr\u00e4ume geschlossen"},"content":{"rendered":"<p>Liebe Kinder und Jugendliche, auch uns trifft der Soft-Lockdown\u203c<\/p>\n<p><img loading=\"lazy\" decoding=\"async\" class=\"size-full wp-image-2087 aligncenter\" src=\"https:\/\/jugendpflege4.org\/wp-content\/uploads\/2020\/10\/Geschlossen.jpg\" alt=\"\" width=\"716\" height=\"403\" srcset=\"https:\/\/jugendpflege4.org\/wp-content\/uploads\/2020\/10\/Geschlossen-200x113.jpg 200w, https:\/\/jugendpflege4.org\/wp-content\/uploads\/2020\/10\/Geschlossen-300x169.jpg 300w, https:\/\/jugendpflege4.org\/wp-content\/uploads\/2020\/10\/Geschlossen-400x225.jpg 400w, https:\/\/jugendpflege4.org\/wp-content\/uploads\/2020\/10\/Geschlossen-600x338.jpg 600w, https:\/\/jugendpflege4.org\/wp-content\/uploads\/2020\/10\/Geschlossen.jpg 716w\" sizes=\"auto, (max-width: 716px) 100vw, 716px\" \/><\/p>\n<p>Wir h\u00e4tten es uns anders gew\u00fcnscht, aber die Gesundheit und Sicherheit geht einfach vor.<\/p>\n<p>Aus diesem Grund haben wir uns dazu entschieden nun auch die Outdoor- Jugendr\u00e4ume bis Ende des Jahres zu schlie\u00dfen.<\/p>\n<p>Telefonisch, \u00fcber Instagram und Facebook, sowie per Mail sind wir immer f\u00fcr euch erreichbar! Meldet euch wenn ihr jemanden zum Reden braucht, wir sind da!\ud83d\ude4f<\/p>\n<p>Eure Jugendpflege 4.0<\/p>\n","protected":false},"excerpt":{"rendered":"<p>Liebe Kinder und Jugendliche, auch uns trifft der Soft-Lockdown\u203c Wir h\u00e4tten es uns anders gew\u00fcnscht, aber die Gesundheit und Sicherheit geht einfach vor. Aus diesem Grund haben wir uns dazu entschieden nun auch die Outdoor- Jugendr\u00e4ume bis Ende des Jahres zu schlie\u00dfen. Telefonisch, \u00fcber Instagram und Facebook, sowie per Mail sind wir immer f\u00fcr euch [&hellip;]<\/p>\n","protected":false},"author":1,"featured_media":0,"comment_status":"open","ping_status":"open","sticky":false,"template":"","format":"standard","meta":{"_bbp_topic_count":0,"_bbp_reply_count":0,"_bbp_total_topic_count":0,"_bbp_total_reply_count":0,"_bbp_voice_count":0,"_bbp_anonymous_reply_count":0,"_bbp_topic_count_hidden":0,"_bbp_reply_count_hidden":0,"_bbp_forum_subforum_count":0,"footnotes":""},"categories":[1],"tags":[],"class_list":["post-2086","post","type-post","status-publish","format-standard","hentry","category-allgemein"],"_links":{"self":[{"href":"https:\/\/jugendpflege4.org\/index.php\/wp-json\/wp\/v2\/posts\/2086","targetHints":{"allow":["GET"]}}],"collection":[{"href":"https:\/\/jugendpflege4.org\/index.php\/wp-json\/wp\/v2\/posts"}],"about":[{"href":"https:\/\/jugendpflege4.org\/index.php\/wp-json\/wp\/v2\/types\/post"}],"author":[{"embeddable":true,"href":"https:\/\/jugendpflege4.org\/index.php\/wp-json\/wp\/v2\/users\/1"}],"replies":[{"embeddable":true,"href":"https:\/\/jugendpflege4.org\/index.php\/wp-json\/wp\/v2\/comments?post=2086"}],"version-history":[{"count":1,"href":"https:\/\/jugendpflege4.org\/index.php\/wp-json\/wp\/v2\/posts\/2086\/revisions"}],"predecessor-version":[{"id":2088,"href":"https:\/\/jugendpflege4.org\/index.php\/wp-json\/wp\/v2\/posts\/2086\/revisions\/2088"}],"wp:attachment":[{"href":"https:\/\/jugendpflege4.org\/index.php\/wp-json\/wp\/v2\/media?parent=2086"}],"wp:term":[{"taxonomy":"category","embeddable":true,"href":"https:\/\/jugendpflege4.org\/index.php\/wp-json\/wp\/v2\/categories?post=2086"},{"taxonomy":"post_tag","embeddable":true,"href":"https:\/\/jugendpflege4.org\/index.php\/wp-json\/wp\/v2\/tags?post=2086"}],"curies":[{"name":"wp","href":"https:\/\/api.w.org\/{rel}","templated":true}]}}