{"id":2204,"date":"2021-07-09T10:16:18","date_gmt":"2021-07-09T08:16:18","guid":{"rendered":"https:\/\/jugendpflege4.org\/?p=2204"},"modified":"2021-07-09T10:16:18","modified_gmt":"2021-07-09T08:16:18","slug":"medienworkshops-in-den-sommerferien","status":"publish","type":"post","link":"https:\/\/jugendpflege4.org\/index.php\/2021\/07\/09\/medienworkshops-in-den-sommerferien\/","title":{"rendered":"Medienworkshops in den Sommerferien!"},"content":{"rendered":"<p>Mein Land \u2013 Meine Zukunft: sehen, h\u00f6ren und erleben<\/p>\n<p>In den Sommerferien bietet die Jugendpflege 4.0 zwei Medienworkshops an. In der Woche vom 19.7. bis 23.7. k\u00f6nnen Jugendliche von 14 bis 18 Jahre &#8211; unterst\u00fctzt von Fachkr\u00e4ften und Ehrenamtlichen ein selbstgew\u00e4hltes Thema aus ihrer Lebenswelt k\u00fcnstlerisch bearbeiten. Dabei lernt man z.B. zu fotografieren, wie man einen Videoclip dreht und Musikbearbeitung an einem Computer macht.<\/p>\n<p>In der letzten Woche vom 23.8 bis 27.8 m\u00f6chten wir mit Euch ein Lied produzieren. Beide Workshops erg\u00e4nzen sich, wobei man aber je nach Interesselage auch nur einen besuchen kann. Die Teilnahme ist kostenlos und es gibt ein Mittagessen.<\/p>\n<p>In den Herbstferien entsteht in einem weiteren Workshop ein Videoclip zu dem erstellten Song.<\/p>\n<p>Die Teilnehmer*innen erstellen und pr\u00e4sentieren zum Abschluss des Projektes ihre Fotos, Filme oder Musikproduktion in einer \u00f6ffentlichen Veranstaltung in ihren Kommunen. Au\u00dferdem wird daraus eine Wander-Ausstellung f\u00fcr Schulen und die Umweltwerkstatt in Niddatal-Assenheim entstehen.<\/p>\n<p>Bei Interesse bitte online \u00fcber das Ferienprogramm der Jugendpflege 4.0 anmelden. Oder sich direkt bei J\u00f6rg Pfaffenroth melden (Mail: <a href=\"mailto:Pfaffenroth@jugendpflege4.de\">Pfaffenroth@jugendpflege4.de<\/a> \u00a0oder Handy: 0173 9897293).<\/p>\n<p>Das Projekt <em>Mein Land \u2013 sehen, h\u00f6ren und erleben<\/em> wird unterst\u00fctzt durch das Programm <em>Mein Land &#8211; Zeit f\u00fcr Zukunft<\/em> der T\u00fcrkischen Gemeinde in Deutschland im Rahmen des Bundesprogramms Kultur macht stark, welches B\u00fcndnisse f\u00fcr Bildung des Bundesministeriums f\u00fcr Bildung und Forschung sind.<img loading=\"lazy\" decoding=\"async\" class=\"alignnone  wp-image-2205\" src=\"https:\/\/jugendpflege4.org\/wp-content\/uploads\/2021\/07\/Folie1-1024x689.jpg\" alt=\"\" width=\"808\" height=\"551\" srcset=\"https:\/\/jugendpflege4.org\/wp-content\/uploads\/2021\/07\/Folie1-200x135.jpg 200w, https:\/\/jugendpflege4.org\/wp-content\/uploads\/2021\/07\/Folie1.jpg 1156w\" sizes=\"auto, (max-width: 808px) 100vw, 808px\" \/><\/p>\n","protected":false},"excerpt":{"rendered":"<p>Mein Land \u2013 Meine Zukunft: sehen, h\u00f6ren und erleben In den Sommerferien bietet die Jugendpflege 4.0 zwei Medienworkshops an. In der Woche vom 19.7. bis 23.7. k\u00f6nnen Jugendliche von 14 bis 18 Jahre &#8211; unterst\u00fctzt von Fachkr\u00e4ften und Ehrenamtlichen ein selbstgew\u00e4hltes Thema aus ihrer Lebenswelt k\u00fcnstlerisch bearbeiten. Dabei lernt man z.B. zu fotografieren, wie man [&hellip;]<\/p>\n","protected":false},"author":3,"featured_media":0,"comment_status":"open","ping_status":"open","sticky":false,"template":"","format":"standard","meta":{"_bbp_topic_count":0,"_bbp_reply_count":0,"_bbp_total_topic_count":0,"_bbp_total_reply_count":0,"_bbp_voice_count":0,"_bbp_anonymous_reply_count":0,"_bbp_topic_count_hidden":0,"_bbp_reply_count_hidden":0,"_bbp_forum_subforum_count":0,"footnotes":""},"categories":[1],"tags":[],"class_list":["post-2204","post","type-post","status-publish","format-standard","hentry","category-allgemein"],"_links":{"self":[{"href":"https:\/\/jugendpflege4.org\/index.php\/wp-json\/wp\/v2\/posts\/2204","targetHints":{"allow":["GET"]}}],"collection":[{"href":"https:\/\/jugendpflege4.org\/index.php\/wp-json\/wp\/v2\/posts"}],"about":[{"href":"https:\/\/jugendpflege4.org\/index.php\/wp-json\/wp\/v2\/types\/post"}],"author":[{"embeddable":true,"href":"https:\/\/jugendpflege4.org\/index.php\/wp-json\/wp\/v2\/users\/3"}],"replies":[{"embeddable":true,"href":"https:\/\/jugendpflege4.org\/index.php\/wp-json\/wp\/v2\/comments?post=2204"}],"version-history":[{"count":1,"href":"https:\/\/jugendpflege4.org\/index.php\/wp-json\/wp\/v2\/posts\/2204\/revisions"}],"predecessor-version":[{"id":2206,"href":"https:\/\/jugendpflege4.org\/index.php\/wp-json\/wp\/v2\/posts\/2204\/revisions\/2206"}],"wp:attachment":[{"href":"https:\/\/jugendpflege4.org\/index.php\/wp-json\/wp\/v2\/media?parent=2204"}],"wp:term":[{"taxonomy":"category","embeddable":true,"href":"https:\/\/jugendpflege4.org\/index.php\/wp-json\/wp\/v2\/categories?post=2204"},{"taxonomy":"post_tag","embeddable":true,"href":"https:\/\/jugendpflege4.org\/index.php\/wp-json\/wp\/v2\/tags?post=2204"}],"curies":[{"name":"wp","href":"https:\/\/api.w.org\/{rel}","templated":true}]}}