{"id":2227,"date":"2021-08-16T14:20:04","date_gmt":"2021-08-16T12:20:04","guid":{"rendered":"https:\/\/jugendpflege4.org\/?p=2227"},"modified":"2021-09-09T13:32:15","modified_gmt":"2021-09-09T11:32:15","slug":"ferienspiele-4-woche","status":"publish","type":"post","link":"https:\/\/jugendpflege4.org\/index.php\/2021\/08\/16\/ferienspiele-4-woche\/","title":{"rendered":"Ferienspiele 4. Woche"},"content":{"rendered":"<div class=\"fusion-fullwidth fullwidth-box nonhundred-percent-fullwidth non-hundred-percent-height-scrolling\"  style='background-color: rgba(255,255,255,0);background-position: center center;background-repeat: no-repeat;padding-top:0px;padding-right:0px;padding-bottom:0px;padding-left:0px;'><div class=\"fusion-builder-row fusion-row \"><div  class=\"fusion-layout-column fusion_builder_column fusion_builder_column_1_1 fusion-builder-column-1 fusion-one-full fusion-column-first fusion-column-last 1_1\"  style='margin-top:0px;margin-bottom:0px;'>\n\t\t\t\t\t<div class=\"fusion-column-wrapper\" style=\"padding: 0px 0px 0px 0px;background-position:left top;background-repeat:no-repeat;-webkit-background-size:cover;-moz-background-size:cover;-o-background-size:cover;background-size:cover;\"   data-bg-url=\"\">\n\t\t\t\t\t\t<div class=\"fusion-text\"><p>Bergfest! Die 4. Woche der Sommerferienspiele<\/p>\n<p>Von Montag bis Mittwoch sind 14 Kinder aus den vier Kommunen Florstadt, Reichelsheim, Echzell und W\u00f6lfersheim auf den Spuren des Echzeller Waldes gewandert. Haupttreffpunkt war der sogenannte Platz &#8222;Rentners Ruh&#8220;. Am ersten Tag stand das Motto Kr\u00e4uter auf dem Plan. Zusammen mit Sabine Unger-M\u00fcller wurden heimische Kr\u00e4uter gesammelt, um daraus z.B. ein Wiesenpflaster zu machen. Das Herstellen einer Salbe f\u00fcr Insektenstiche (Stichwegsalbe) war auch sehr hilfreich, denn durch das feuchte Wetter, waren die Ferienspielkinder und ihre Betreuerinnnen Franziska M\u00fcller Lotz und Valentina Kelm ein gefundenes Fressen f\u00fcr die kleinen Plagegeister.<\/p>\n<p style=\"text-align: center;\"><img loading=\"lazy\" decoding=\"async\" class=\"alignnone size-full wp-image-2228\" src=\"https:\/\/jugendpflege4.org\/wp-content\/uploads\/2021\/08\/Waldprojekt.jpg\" alt=\"\" width=\"1600\" height=\"1200\" srcset=\"https:\/\/jugendpflege4.org\/wp-content\/uploads\/2021\/08\/Waldprojekt-200x150.jpg 200w, https:\/\/jugendpflege4.org\/wp-content\/uploads\/2021\/08\/Waldprojekt-300x225.jpg 300w, https:\/\/jugendpflege4.org\/wp-content\/uploads\/2021\/08\/Waldprojekt-400x300.jpg 400w, https:\/\/jugendpflege4.org\/wp-content\/uploads\/2021\/08\/Waldprojekt-600x450.jpg 600w, https:\/\/jugendpflege4.org\/wp-content\/uploads\/2021\/08\/Waldprojekt-768x576.jpg 768w, https:\/\/jugendpflege4.org\/wp-content\/uploads\/2021\/08\/Waldprojekt-800x600.jpg 800w, https:\/\/jugendpflege4.org\/wp-content\/uploads\/2021\/08\/Waldprojekt-1024x768.jpg 1024w, https:\/\/jugendpflege4.org\/wp-content\/uploads\/2021\/08\/Waldprojekt-1200x900.jpg 1200w, https:\/\/jugendpflege4.org\/wp-content\/uploads\/2021\/08\/Waldprojekt-1536x1152.jpg 1536w, https:\/\/jugendpflege4.org\/wp-content\/uploads\/2021\/08\/Waldprojekt.jpg 1600w\" sizes=\"auto, (max-width: 1600px) 100vw, 1600px\" \/><\/p>\n<p>Am Standort &#8222;Rentners Ruh&#8220; wurde dann gewerkelt. So entstanden Buttons mit Namen und ein Herbarium, das aus 5 Pflanzen hergestellt wurde. Au\u00dferdem entstanden Bilder mit N\u00e4geln, Wolle und Holz. Der zweite Tag stand unter dem Motto Survival im Wald. Mit Simone Steinbr\u00fcck lernten die Kinder wie man ein Tipi baut, auf was geachtet werden muss, wenn man sich im Wald verl\u00e4uft oder was zu tun ist, wenn es dunkel wird und wie man an einen Schlafplatz, Essen und Trinken kommt. Man entdeckte Wildschwein- und Rehspuren und beendete den Tag mit einem Waldtier-Rate Spiel. Am Mittwoch endete das Projekt mit F\u00f6rsterin Sarah Liebelt, die Infos \u00fcber den Wald gab: So konnten die Ferienspielkinder erst einmal sehen, wie gro\u00df das Gebiet ist, welche B\u00e4ume und Tiere es im Echzeller Wald gibt und welches das kleinste und gr\u00f6\u00dfte Tier hier in unseren Breitengraden ist. Es gab wieder eine Tierspurensuche im Wald, zudem konnten sich alle, pr\u00e4parierte Tiere ansehen. Der Tag endete noch mit verschiedenen Bastelangeboten.<\/p>\n<p>Ebenso starteten von Montag bis Donnerstag auch wieder zwei Selbstverteidigungskurse mit Manfred Heil vom KKV Florstadt. Jeweils 20 Kinder lernten wie man Selbstvertrauen aufbaut und sich selbst behauptet. \u00c4hnlich wie die Jugendpflege feierte Herr Heil auch in diesem Jahr sein 20. &#8222;Betreuer-Jubil\u00e4um&#8220;, denn er war von Beginn an &#8211; im Jahre 2001 &#8211; dabei.<\/p>\n<p>Auch rund um den Hund mit Elke Kriegck und Piri wurde am Montag wieder f\u00fcr 6 Kinder angeboten.<\/p>\n<p>Am Donnerstag fuhren 12 Kinder mit Valentina Kelm, ihrer Tochter Lea und ihrem Sohn Adrian in den Gesundheitsgarten Bad Nauheim. Hier standen Klettern, Balance\u00fcbungen und Krafttraining auf dem Programm. Besonders interessant war f\u00fcr die Kinder die Saline, die Partnerschaukel und nat\u00fcrlich die Kneipbecken. Hier durften sie zu zweit in jeweils ein Becken und Wassertreten.<\/p>\n<p>Die Woche endete am sonnigen Freitag mit einem Bootsrennen auf der Nidda. Zuvor hatten die 18 Teilnehmer ihr eigenes kleines Boot aus Naturmaterialien hergestellt. Dabei waren der Kreativit\u00e4t keine Grenzen gesetzt, sodass viele verschiedene Modelle gegeneinander antreten konnten. Der Wettbewerb r\u00fcckte jedoch schnell in den Hintergrund, als alle am Ende noch einmal das k\u00fchle Nass der Nidda an einer flachen Stelle zusammen genie\u00dfen konnten.<\/p>\n<p style=\"text-align: center;\">\u00a0<\/p>\n<\/div><div class=\"fusion-clearfix\"><\/div>\n\n\t\t\t\t\t<\/div>\n\t\t\t\t<\/div><\/div><\/div>\n","protected":false},"excerpt":{"rendered":"","protected":false},"author":1,"featured_media":2229,"comment_status":"open","ping_status":"open","sticky":false,"template":"","format":"standard","meta":{"_bbp_topic_count":0,"_bbp_reply_count":0,"_bbp_total_topic_count":0,"_bbp_total_reply_count":0,"_bbp_voice_count":0,"_bbp_anonymous_reply_count":0,"_bbp_topic_count_hidden":0,"_bbp_reply_count_hidden":0,"_bbp_forum_subforum_count":0,"footnotes":""},"categories":[1],"tags":[],"class_list":["post-2227","post","type-post","status-publish","format-standard","has-post-thumbnail","hentry","category-allgemein"],"_links":{"self":[{"href":"https:\/\/jugendpflege4.org\/index.php\/wp-json\/wp\/v2\/posts\/2227","targetHints":{"allow":["GET"]}}],"collection":[{"href":"https:\/\/jugendpflege4.org\/index.php\/wp-json\/wp\/v2\/posts"}],"about":[{"href":"https:\/\/jugendpflege4.org\/index.php\/wp-json\/wp\/v2\/types\/post"}],"author":[{"embeddable":true,"href":"https:\/\/jugendpflege4.org\/index.php\/wp-json\/wp\/v2\/users\/1"}],"replies":[{"embeddable":true,"href":"https:\/\/jugendpflege4.org\/index.php\/wp-json\/wp\/v2\/comments?post=2227"}],"version-history":[{"count":2,"href":"https:\/\/jugendpflege4.org\/index.php\/wp-json\/wp\/v2\/posts\/2227\/revisions"}],"predecessor-version":[{"id":2267,"href":"https:\/\/jugendpflege4.org\/index.php\/wp-json\/wp\/v2\/posts\/2227\/revisions\/2267"}],"wp:featuredmedia":[{"embeddable":true,"href":"https:\/\/jugendpflege4.org\/index.php\/wp-json\/wp\/v2\/media\/2229"}],"wp:attachment":[{"href":"https:\/\/jugendpflege4.org\/index.php\/wp-json\/wp\/v2\/media?parent=2227"}],"wp:term":[{"taxonomy":"category","embeddable":true,"href":"https:\/\/jugendpflege4.org\/index.php\/wp-json\/wp\/v2\/categories?post=2227"},{"taxonomy":"post_tag","embeddable":true,"href":"https:\/\/jugendpflege4.org\/index.php\/wp-json\/wp\/v2\/tags?post=2227"}],"curies":[{"name":"wp","href":"https:\/\/api.w.org\/{rel}","templated":true}]}}