{"id":2231,"date":"2021-08-19T13:21:22","date_gmt":"2021-08-19T11:21:22","guid":{"rendered":"https:\/\/jugendpflege4.org\/?p=2231"},"modified":"2021-09-09T13:40:36","modified_gmt":"2021-09-09T11:40:36","slug":"ein-lied-fuers-ried-kultur-macht-stark","status":"publish","type":"post","link":"https:\/\/jugendpflege4.org\/index.php\/2021\/08\/19\/ein-lied-fuers-ried-kultur-macht-stark\/","title":{"rendered":"Ein Lied f\u00fcrs Ried &#8211; Kultur macht stark"},"content":{"rendered":"<div class=\"fusion-fullwidth fullwidth-box nonhundred-percent-fullwidth non-hundred-percent-height-scrolling\"  style='background-color: rgba(255,255,255,0);background-position: center center;background-repeat: no-repeat;padding-top:0px;padding-right:0px;padding-bottom:0px;padding-left:0px;'><div class=\"fusion-builder-row fusion-row \"><div  class=\"fusion-layout-column fusion_builder_column fusion_builder_column_1_1 fusion-builder-column-1 fusion-one-full fusion-column-first fusion-column-last 1_1\"  style='margin-top:0px;margin-bottom:0px;'>\n\t\t\t\t\t<div class=\"fusion-column-wrapper\" style=\"padding: 0px 0px 0px 0px;background-position:left top;background-repeat:no-repeat;-webkit-background-size:cover;-moz-background-size:cover;-o-background-size:cover;background-size:cover;\"   data-bg-url=\"\">\n\t\t\t\t\t\t<div class=\"fusion-text\"><p>Workshop \u201eKultur macht stark\u201c Mein Land, meine Zukunft: Sehen, h\u00f6ren und erleben<\/p>\n<p>Angesprochen durch den Kooperationspartner OHINGA haben sich f\u00fcr den Medienworkshop Jugendliche aus Florstadt und Reichelsheim angemeldet. Unter Ber\u00fccksichtigung der Corona-Regeln, begann dieser am Montag mit einer Grundlagenvermittlung der Fotografie. Nach der theoretischen Einf\u00fchrung durch den Fotograf Boris L\u00f6ffert wurden in der Umgebung des B\u00fcrgerhauses Weckesheim erste Fotos gemacht und ausgewertet. Am Dienstag konnten alle ihr erlerntes Wissen mit dem Architekturfotografen G\u00fcnther D\u00e4chert erweitern und \u00a0Makroaufnahmen erstellen. Der interessante Fotowalk am Weckesheimer Bergwerksee bot den Teilnehmer*innen die M\u00f6glichkeit, Schnappsch\u00fcsse von Libellen, Schmetterlingen, V\u00f6geln und verschiedenen Pflanzen aufzunehmen, die dann von den jungen Fotograf*innen wieder gemeinsam besprochen und ausgewertet wurden. Der Projekt-Kooperationspartner Umweltwerkstatt Wetterau bot am Mittwoch mit dem Naturf\u00fchrer Dominik Hideteru Schmitt eine Exkursion durch das Bingenheimer Ried an. Dabei wurde die besondere Flora und Fauna erkl\u00e4rt, entdeckt und fotografiert. Gro\u00dfe Freude bereitete allen das Aufnehmen von Ger\u00e4uschen und Videoclips.<\/p>\n<audio class=\"wp-audio-shortcode\" id=\"audio-2231-1\" preload=\"none\" style=\"width: 100%;\" controls=\"controls\"><source type=\"audio\/mpeg\" src=\"https:\/\/jugendpflege4.org\/wp-content\/uploads\/2021\/08\/Ried-Intro.mp3?_=1\" \/><a href=\"https:\/\/jugendpflege4.org\/wp-content\/uploads\/2021\/08\/Ried-Intro.mp3\">https:\/\/jugendpflege4.org\/wp-content\/uploads\/2021\/08\/Ried-Intro.mp3<\/a><\/audio>\n<p>Das St\u00fcck ist komplett aus Audioschnipsel entstanden, die von den TeilnehmerInnen im Ried gesammelt wurden. Das Arrangement stammt auch von den Jugendlichen selbst.<\/p>\n<p>\u00a0<\/p>\n<p><img loading=\"lazy\" decoding=\"async\" class=\"alignnone size-full wp-image-2232\" src=\"https:\/\/jugendpflege4.org\/wp-content\/uploads\/2021\/08\/Gruppenbild-scaled.jpg\" alt=\"\" width=\"2560\" height=\"1920\" srcset=\"https:\/\/jugendpflege4.org\/wp-content\/uploads\/2021\/08\/Gruppenbild-200x150.jpg 200w, https:\/\/jugendpflege4.org\/wp-content\/uploads\/2021\/08\/Gruppenbild-300x225.jpg 300w, https:\/\/jugendpflege4.org\/wp-content\/uploads\/2021\/08\/Gruppenbild-400x300.jpg 400w, https:\/\/jugendpflege4.org\/wp-content\/uploads\/2021\/08\/Gruppenbild-600x450.jpg 600w, https:\/\/jugendpflege4.org\/wp-content\/uploads\/2021\/08\/Gruppenbild-768x576.jpg 768w, https:\/\/jugendpflege4.org\/wp-content\/uploads\/2021\/08\/Gruppenbild-800x600.jpg 800w, https:\/\/jugendpflege4.org\/wp-content\/uploads\/2021\/08\/Gruppenbild-1024x768.jpg 1024w, https:\/\/jugendpflege4.org\/wp-content\/uploads\/2021\/08\/Gruppenbild-1200x900.jpg 1200w, https:\/\/jugendpflege4.org\/wp-content\/uploads\/2021\/08\/Gruppenbild-1536x1152.jpg 1536w, https:\/\/jugendpflege4.org\/wp-content\/uploads\/2021\/08\/Gruppenbild-scaled.jpg 2560w\" sizes=\"auto, (max-width: 2560px) 100vw, 2560px\" \/><\/p>\n<p>\u00a0<\/p>\n<p>Am Donnerstag stand das Motto \u201eH\u00f6ren\u201c auf dem Programm. Gemeinsam mit dem Liedermacher Martin Schnur entstand ein Lied \u00fcber das Erlebte in den letzten drei Tagen. Dieser Song wurde dann unter der Leitung von Musikproducer Marko Landmann aufgenommen.<\/p>\n<p>\u00a0<\/p>\n<p>In der letzten Sommerferienwoche wird der Workshop fortgesetzt und baut auf den Ergebnissen auf. Quereinsteiger*innen sind herzlich willkommen.<\/p>\n<p>Das Projekt Mein Land \u2013 sehen, h\u00f6ren und erleben wird unterst\u00fctzt durch das Programm Mein Land &#8211; Zeit f\u00fcr Zukunft der T\u00fcrkischen Gemeinde in Deutschland im Rahmen des Bundesprogramms Kultur macht stark. B\u00fcndnisse f\u00fcr Bildung des Bundesministeriums f\u00fcr Bildung und Forschung.<\/p>\n<p>Informationen zu dem Projekt gibt es unter <a href=\"mailto:Pfaffenroth@jugendpflege4.de\">Pfaffenroth@jugendpflege4.de<\/a> oder Handy 01739897293 und\u00a0 https:\/\/wegemusikworkshop.wordpress.com<\/p>\n<\/div><div class=\"fusion-clearfix\"><\/div>\n\n\t\t\t\t\t<\/div>\n\t\t\t\t<\/div><\/div><\/div>\n","protected":false},"excerpt":{"rendered":"","protected":false},"author":1,"featured_media":2235,"comment_status":"open","ping_status":"open","sticky":false,"template":"","format":"standard","meta":{"_bbp_topic_count":0,"_bbp_reply_count":0,"_bbp_total_topic_count":0,"_bbp_total_reply_count":0,"_bbp_voice_count":0,"_bbp_anonymous_reply_count":0,"_bbp_topic_count_hidden":0,"_bbp_reply_count_hidden":0,"_bbp_forum_subforum_count":0,"footnotes":""},"categories":[1],"tags":[],"class_list":["post-2231","post","type-post","status-publish","format-standard","has-post-thumbnail","hentry","category-allgemein"],"_links":{"self":[{"href":"https:\/\/jugendpflege4.org\/index.php\/wp-json\/wp\/v2\/posts\/2231","targetHints":{"allow":["GET"]}}],"collection":[{"href":"https:\/\/jugendpflege4.org\/index.php\/wp-json\/wp\/v2\/posts"}],"about":[{"href":"https:\/\/jugendpflege4.org\/index.php\/wp-json\/wp\/v2\/types\/post"}],"author":[{"embeddable":true,"href":"https:\/\/jugendpflege4.org\/index.php\/wp-json\/wp\/v2\/users\/1"}],"replies":[{"embeddable":true,"href":"https:\/\/jugendpflege4.org\/index.php\/wp-json\/wp\/v2\/comments?post=2231"}],"version-history":[{"count":8,"href":"https:\/\/jugendpflege4.org\/index.php\/wp-json\/wp\/v2\/posts\/2231\/revisions"}],"predecessor-version":[{"id":2271,"href":"https:\/\/jugendpflege4.org\/index.php\/wp-json\/wp\/v2\/posts\/2231\/revisions\/2271"}],"wp:featuredmedia":[{"embeddable":true,"href":"https:\/\/jugendpflege4.org\/index.php\/wp-json\/wp\/v2\/media\/2235"}],"wp:attachment":[{"href":"https:\/\/jugendpflege4.org\/index.php\/wp-json\/wp\/v2\/media?parent=2231"}],"wp:term":[{"taxonomy":"category","embeddable":true,"href":"https:\/\/jugendpflege4.org\/index.php\/wp-json\/wp\/v2\/categories?post=2231"},{"taxonomy":"post_tag","embeddable":true,"href":"https:\/\/jugendpflege4.org\/index.php\/wp-json\/wp\/v2\/tags?post=2231"}],"curies":[{"name":"wp","href":"https:\/\/api.w.org\/{rel}","templated":true}]}}