{"id":2244,"date":"2021-09-01T10:14:10","date_gmt":"2021-09-01T08:14:10","guid":{"rendered":"https:\/\/jugendpflege4.org\/?p=2244"},"modified":"2021-09-09T13:37:23","modified_gmt":"2021-09-09T11:37:23","slug":"medienworkshop-kultur-macht-stark-teil-2","status":"publish","type":"post","link":"https:\/\/jugendpflege4.org\/index.php\/2021\/09\/01\/medienworkshop-kultur-macht-stark-teil-2\/","title":{"rendered":"Medienworkshop Kultur macht Stark  Teil 2"},"content":{"rendered":"<div class=\"fusion-fullwidth fullwidth-box nonhundred-percent-fullwidth non-hundred-percent-height-scrolling\"  style='background-color: rgba(255,255,255,0);background-position: center center;background-repeat: no-repeat;padding-top:0px;padding-right:0px;padding-bottom:0px;padding-left:0px;'><div class=\"fusion-builder-row fusion-row \"><div  class=\"fusion-layout-column fusion_builder_column fusion_builder_column_1_1 fusion-builder-column-1 fusion-one-full fusion-column-first fusion-column-last 1_1\"  style='margin-top:0px;margin-bottom:0px;'>\n\t\t\t\t\t<div class=\"fusion-column-wrapper\" style=\"padding: 0px 0px 0px 0px;background-position:left top;background-repeat:no-repeat;-webkit-background-size:cover;-moz-background-size:cover;-o-background-size:cover;background-size:cover;\"   data-bg-url=\"\">\n\t\t\t\t\t\t<div class=\"fusion-text\"><p><img loading=\"lazy\" decoding=\"async\" class=\" wp-image-2248 aligncenter\" src=\"https:\/\/jugendpflege4.org\/wp-content\/uploads\/2021\/09\/Plakat-Medienworkshop.jpg\" alt=\"\" width=\"558\" height=\"744\" srcset=\"https:\/\/jugendpflege4.org\/wp-content\/uploads\/2021\/09\/Plakat-Medienworkshop-200x267.jpg 200w, https:\/\/jugendpflege4.org\/wp-content\/uploads\/2021\/09\/Plakat-Medienworkshop-225x300.jpg 225w, https:\/\/jugendpflege4.org\/wp-content\/uploads\/2021\/09\/Plakat-Medienworkshop-400x533.jpg 400w, https:\/\/jugendpflege4.org\/wp-content\/uploads\/2021\/09\/Plakat-Medienworkshop-600x800.jpg 600w, https:\/\/jugendpflege4.org\/wp-content\/uploads\/2021\/09\/Plakat-Medienworkshop-768x1024.jpg 768w, https:\/\/jugendpflege4.org\/wp-content\/uploads\/2021\/09\/Plakat-Medienworkshop-800x1067.jpg 800w, https:\/\/jugendpflege4.org\/wp-content\/uploads\/2021\/09\/Plakat-Medienworkshop.jpg 1008w\" sizes=\"auto, (max-width: 558px) 100vw, 558px\" \/><\/p>\n<p>Angesprochen durch den Kooperationspartner OHINGA haben sich f\u00fcr den Medienworkshop diesmal 11 Jugendliche aus Florstadt, W\u00f6lfersheim, Reichelsheim und Friedberg angemeldet. Unter Ber\u00fccksichtigung der Corona-Regeln, begann dieser am Montag mit einer Wiederholung und Auffrischung des letzten Workshops durch die M\u00f6glichkeit, verschiedene Kameras im Stadener B\u00fcrgerhaus auszuprobieren. Die Tourismus- und Fl\u00fcchtlingsbeauftragte Sabine Tinz und Jugendpfleger J\u00f6rg Pfaffenroth f\u00fchrten die Teilnehmenden durch das Programm. Im Stadener Park wurden viele Schnappsch\u00fcsse und insbesondere auch Makroaufnahmen von Blumen und Insekten gemacht sowie Videos \u00fcber Zukunftsw\u00fcnsche der Jugendlichen aufgenommen. Der Kooperationspartner Umweltwerkstatt Wetterau bot am Dienstag mit dem Naturf\u00fchrer Dominik Hideteru Schmitt eine Exkursion durch das Stadener M\u00e4hried an. Dabei wurden die interessante Flora und Fauna erkundet, erkl\u00e4rt und fotografiert. Gesehen wurden neben vielen Pflanzen auch Raupen des Tagpfauenauges, die sich an Brennnesseln labten, einen Neunt\u00f6ter (Sperlingsvogelart) in einem Baum, viele Greifv\u00f6gel in der Luft, Schnecken und Insekten auf den Wegen sowie ein Schwalbennest mit kleinen Schw\u00e4lbchen an der Aussichts-Plattform, das allen gro\u00dfe Freude bereitete.<\/p>\n<p>\u00a0<\/p>\n<p>In der D\u00e4mmerung entdeckten die Teilnehmer*Innen Reichelsheimer Flederm\u00e4use beim Jagen und h\u00f6rten die Ultraschallaute durch sogenannte Bat-Detektoren.<\/p>\n<p>Am Mittwoch stand das Motto \u201eLiedproduktion\u201c auf dem Programm. Gemeinsam mit dem Liedermacher Martin Schnur wurde das Lied, welches im ersten Workshop entstand, weiterentwickelt und durch besondere Beats aufgepeppt. Dieser Song wurde dann unter der Leitung von Musikproducer Marko Landmann aufgenommen. Landmann betreut an der Gederner Schule \u00e4hnliche Musik-Programme im Ganztagsbereich.<\/p>\n<audio class=\"wp-audio-shortcode\" id=\"audio-2244-1\" preload=\"none\" style=\"width: 100%;\" controls=\"controls\"><source type=\"audio\/mpeg\" src=\"https:\/\/jugendpflege4.org\/wp-content\/uploads\/2021\/09\/Der-Blutweiderich.mp3?_=1\" \/><a href=\"https:\/\/jugendpflege4.org\/wp-content\/uploads\/2021\/09\/Der-Blutweiderich.mp3\">https:\/\/jugendpflege4.org\/wp-content\/uploads\/2021\/09\/Der-Blutweiderich.mp3<\/a><\/audio>\n<p>In der ersten Herbstferienwoche wird der Workshop fortgesetzt werden und baut auf den Ergebnissen auf. Quereinsteiger*Innen sind herzlich willkommen und erhalten zu Beginn einen umfassenden \u00dcberblick \u00fcber die bisherigen Resultate. Im Herbst wird der Schwerpunkt dann auf Videobearbeitung, Filmen und Videoschnitt gelegt.<\/p>\n<p>\u00a0<\/p>\n<p>Das Projekt \u201eMein Land \u2013 sehen, h\u00f6ren und erleben\u201c wird unterst\u00fctzt durch das Programm \u201eMein Land &#8211; Zeit f\u00fcr Zukunft\u201c der T\u00fcrkischen Gemeinde in Deutschland im Rahmen des Bundesprogramms \u201eKultur macht stark\u201c. B\u00fcndnisse f\u00fcr Bildung des Bundesministeriums f\u00fcr Bildung und Forschung.<\/p>\n<p>Informationen zu dem Projekt gibt es unter <a href=\"mailto:Pfaffenroth@jugendpflege4.de\">Pfaffenroth@jugendpflege4.de<\/a> oder Handy 01739897293<\/p>\n<\/div><div class=\"fusion-clearfix\"><\/div>\n\n\t\t\t\t\t<\/div>\n\t\t\t\t<\/div><\/div><\/div>\n","protected":false},"excerpt":{"rendered":"","protected":false},"author":1,"featured_media":2247,"comment_status":"open","ping_status":"open","sticky":false,"template":"","format":"standard","meta":{"_bbp_topic_count":0,"_bbp_reply_count":0,"_bbp_total_topic_count":0,"_bbp_total_reply_count":0,"_bbp_voice_count":0,"_bbp_anonymous_reply_count":0,"_bbp_topic_count_hidden":0,"_bbp_reply_count_hidden":0,"_bbp_forum_subforum_count":0,"footnotes":""},"categories":[1],"tags":[],"class_list":["post-2244","post","type-post","status-publish","format-standard","has-post-thumbnail","hentry","category-allgemein"],"_links":{"self":[{"href":"https:\/\/jugendpflege4.org\/index.php\/wp-json\/wp\/v2\/posts\/2244","targetHints":{"allow":["GET"]}}],"collection":[{"href":"https:\/\/jugendpflege4.org\/index.php\/wp-json\/wp\/v2\/posts"}],"about":[{"href":"https:\/\/jugendpflege4.org\/index.php\/wp-json\/wp\/v2\/types\/post"}],"author":[{"embeddable":true,"href":"https:\/\/jugendpflege4.org\/index.php\/wp-json\/wp\/v2\/users\/1"}],"replies":[{"embeddable":true,"href":"https:\/\/jugendpflege4.org\/index.php\/wp-json\/wp\/v2\/comments?post=2244"}],"version-history":[{"count":2,"href":"https:\/\/jugendpflege4.org\/index.php\/wp-json\/wp\/v2\/posts\/2244\/revisions"}],"predecessor-version":[{"id":2269,"href":"https:\/\/jugendpflege4.org\/index.php\/wp-json\/wp\/v2\/posts\/2244\/revisions\/2269"}],"wp:featuredmedia":[{"embeddable":true,"href":"https:\/\/jugendpflege4.org\/index.php\/wp-json\/wp\/v2\/media\/2247"}],"wp:attachment":[{"href":"https:\/\/jugendpflege4.org\/index.php\/wp-json\/wp\/v2\/media?parent=2244"}],"wp:term":[{"taxonomy":"category","embeddable":true,"href":"https:\/\/jugendpflege4.org\/index.php\/wp-json\/wp\/v2\/categories?post=2244"},{"taxonomy":"post_tag","embeddable":true,"href":"https:\/\/jugendpflege4.org\/index.php\/wp-json\/wp\/v2\/tags?post=2244"}],"curies":[{"name":"wp","href":"https:\/\/api.w.org\/{rel}","templated":true}]}}