{"id":2334,"date":"2021-11-30T18:44:47","date_gmt":"2021-11-30T17:44:47","guid":{"rendered":"https:\/\/jugendpflege4.org\/?p=2334"},"modified":"2023-11-07T10:42:08","modified_gmt":"2023-11-07T09:42:08","slug":"kultur-macht-stark-3-workshop","status":"publish","type":"post","link":"https:\/\/jugendpflege4.org\/index.php\/2021\/11\/30\/kultur-macht-stark-3-workshop\/","title":{"rendered":"Kultur macht stark 3. Teil"},"content":{"rendered":"<p><div class=\"fusion-fullwidth fullwidth-box nonhundred-percent-fullwidth non-hundred-percent-height-scrolling\"  style='background-color: rgba(255,255,255,0);background-position: center center;background-repeat: no-repeat;padding-top:0px;padding-right:0px;padding-bottom:0px;padding-left:0px;'><div class=\"fusion-builder-row fusion-row \"><div  class=\"fusion-layout-column fusion_builder_column fusion_builder_column_1_1 fusion-builder-column-1 fusion-one-full fusion-column-first fusion-column-last 1_1\"  style='margin-top:0px;margin-bottom:0px;'>\n\t\t\t\t\t<div class=\"fusion-column-wrapper\" style=\"padding: 0px 0px 0px 0px;background-position:left top;background-repeat:no-repeat;-webkit-background-size:cover;-moz-background-size:cover;-o-background-size:cover;background-size:cover;\"   data-bg-url=\"\">\n\t\t\t\t\t\t<div class=\"fusion-text\"><p><strong>Medienprojekt &#8222;Kultur macht stark&#8220;, Workshop 3 in W\u00f6lfersheim<\/strong><\/p>\n<p>In der ersten Herbstferienwoche 2021 trafen sich 11 Jugendliche aus Reichelsheim, Echzell, W\u00f6lfersheim und Florstadt im W\u00f6lfersheimer Jugendzentrum zum 3. Workshop.<\/p>\n<p>Am Montag wurden die Grundlagen der Foto- und Videobearbeitung vermittelt, die neu erworbenen Kenntnisse wurden sogleich ausprobiert und anschlie\u00dfend ausgewertet. Auch viel Spa\u00df hatte man beim gemeinsamen Kochen. Nach dem Mittagessen stand der virtuelle Besuch des Medienp\u00e4dagogen, Youtubers und Spieleentwicklers Jan Rathje an. Er berichtete \u00fcber seine Erfahrung als Grafiker und Spieleentwickler von Videospielen. Er beantwortete viele Fragen der Jugendlichen, welche sich anschlie\u00dfend in Gruppen aufteilten. Die eine Gruppe diskutierte \u00fcber Zukunftsperspektiven, die andere Gruppe schnitt an ihrem \u00dcbungs-Video weiter. Am Dienstag fand der Videodreh in der Wetterauhalle statt, wo ein Greenscreen zum Einsatz kam. Nach der Drehbuchbesprechung, schl\u00fcpften die Schauspieler in ihre Kost\u00fcme und wurden von der Maskenbildnerin Tina Davis geschminkt. Die Regisseure und das Kamerateam gingen auf Position und der Spa\u00df begann. Erst wurde vor dem Greenscreen gefilmt, anschlie\u00dfend in der Natur. Am Mittwoch begleitete der Naturp\u00e4dagoge Dominik Hideteru-Schmitt die Gruppe bei der Wanderung zum W\u00f6lfersheimer See. Dort erkl\u00e4rte er den Jugendlichen viel \u00fcber den See, die Tiere und die Pflanzen. Anschlie\u00dfend machten sie Fotos und Videoaufnahmen vom See und den Pflanzen. Zum Abschluss des Tages gab es Eis beim Fu\u00dfballgolf und Spielen am Spielplatz gleich daneben. Am Donnerstag schnitten die Jugendlichen die Videos die sie gesammelt haben und einige schrieben den Pressebericht. Anschlie\u00dfend wurden die fehlenden Videos f\u00fcr das Musikvideo nachgedreht. Am Freitag wurden die Videos weitergeschnitten und am Nachmittag stand wieder ein virtueller Besuch von Jan Rathje an, der den Jugendlichen die Arbeit als Influencer n\u00e4her brachte. Anschlie\u00dfend schauten sie sich das fertige Musikvideo an. Die Jugendlichen freuen sich schon auf die Weiterf\u00fchrung im Dezember mit Modul 4 und der Endpr\u00e4sentation aller Arbeiten f\u00fcr die \u00d6ffentlichkeit.<\/p>\n<p>Das Projekt Mein Land \u2013 sehen, h\u00f6ren und erleben wird unterst\u00fctzt durch das Programm Mein Land &#8211; Zeit f\u00fcr Zukunft der T\u00fcrkischen Gemeinde in Deutschland im Rahmen des Bundesprogramms Kultur macht stark. B\u00fcndnisse f\u00fcr Bildung des Bundesministeriums f\u00fcr Bildung und Forschung.<\/p>\n<p>Informationen zu dem Projekt gibt es unter info@jugendpflege4.de oder 06035-1001-32.<\/p>\n<p>Den dazugeh\u00f6rigen Videoclip findet man auf Youtube.<\/p>\n<\/div><div class=\"fusion-clearfix\"><\/div>\n\n\t\t\t\t\t<\/div>\n\t\t\t\t<\/div><\/div><\/div><div class=\"fusion-fullwidth fullwidth-box nonhundred-percent-fullwidth non-hundred-percent-height-scrolling\"  style='background-color: rgba(255,255,255,0);background-position: center center;background-repeat: no-repeat;padding-top:0px;padding-right:0px;padding-bottom:0px;padding-left:0px;'><div class=\"fusion-builder-row fusion-row \"><div  class=\"fusion-layout-column fusion_builder_column fusion_builder_column_1_1 fusion-builder-column-2 fusion-one-full fusion-column-first fusion-column-last 1_1\"  style='margin-top:0px;margin-bottom:20px;'>\n\t\t\t\t\t<div class=\"fusion-column-wrapper\" style=\"padding: 0px 0px 0px 0px;background-position:left top;background-repeat:no-repeat;-webkit-background-size:cover;-moz-background-size:cover;-o-background-size:cover;background-size:cover;\"   data-bg-url=\"\">\n\t\t\t\t\t\t<div class=\"fusion-text\"><p>www.youtube.com\/watch?v=Plj4h_1Id0A<\/p>\n<\/div><div class=\"fusion-clearfix\"><\/div>\n\n\t\t\t\t\t<\/div>\n\t\t\t\t<\/div><\/div><\/div><\/p>\n","protected":false},"excerpt":{"rendered":"","protected":false},"author":1,"featured_media":2351,"comment_status":"open","ping_status":"open","sticky":false,"template":"","format":"standard","meta":{"_bbp_topic_count":0,"_bbp_reply_count":0,"_bbp_total_topic_count":0,"_bbp_total_reply_count":0,"_bbp_voice_count":0,"_bbp_anonymous_reply_count":0,"_bbp_topic_count_hidden":0,"_bbp_reply_count_hidden":0,"_bbp_forum_subforum_count":0,"footnotes":""},"categories":[1],"tags":[],"class_list":["post-2334","post","type-post","status-publish","format-standard","has-post-thumbnail","hentry","category-allgemein"],"_links":{"self":[{"href":"https:\/\/jugendpflege4.org\/index.php\/wp-json\/wp\/v2\/posts\/2334","targetHints":{"allow":["GET"]}}],"collection":[{"href":"https:\/\/jugendpflege4.org\/index.php\/wp-json\/wp\/v2\/posts"}],"about":[{"href":"https:\/\/jugendpflege4.org\/index.php\/wp-json\/wp\/v2\/types\/post"}],"author":[{"embeddable":true,"href":"https:\/\/jugendpflege4.org\/index.php\/wp-json\/wp\/v2\/users\/1"}],"replies":[{"embeddable":true,"href":"https:\/\/jugendpflege4.org\/index.php\/wp-json\/wp\/v2\/comments?post=2334"}],"version-history":[{"count":7,"href":"https:\/\/jugendpflege4.org\/index.php\/wp-json\/wp\/v2\/posts\/2334\/revisions"}],"predecessor-version":[{"id":2893,"href":"https:\/\/jugendpflege4.org\/index.php\/wp-json\/wp\/v2\/posts\/2334\/revisions\/2893"}],"wp:featuredmedia":[{"embeddable":true,"href":"https:\/\/jugendpflege4.org\/index.php\/wp-json\/wp\/v2\/media\/2351"}],"wp:attachment":[{"href":"https:\/\/jugendpflege4.org\/index.php\/wp-json\/wp\/v2\/media?parent=2334"}],"wp:term":[{"taxonomy":"category","embeddable":true,"href":"https:\/\/jugendpflege4.org\/index.php\/wp-json\/wp\/v2\/categories?post=2334"},{"taxonomy":"post_tag","embeddable":true,"href":"https:\/\/jugendpflege4.org\/index.php\/wp-json\/wp\/v2\/tags?post=2334"}],"curies":[{"name":"wp","href":"https:\/\/api.w.org\/{rel}","templated":true}]}}