{"id":2348,"date":"2021-12-13T11:21:47","date_gmt":"2021-12-13T10:21:47","guid":{"rendered":"https:\/\/jugendpflege4.org\/?p=2348"},"modified":"2021-12-13T11:21:47","modified_gmt":"2021-12-13T10:21:47","slug":"kultur-macht-stark-online-praesentation","status":"publish","type":"post","link":"https:\/\/jugendpflege4.org\/index.php\/2021\/12\/13\/kultur-macht-stark-online-praesentation\/","title":{"rendered":"Kultur macht Stark online Pr\u00e4sentation"},"content":{"rendered":"<p>In den letzten 2 Wochen bereiteten die Jugendlichen, die an den drei Medien-Workshops der Jugendpflege 4.0 teilgenommen hatten, eine Abschlusspr\u00e4sentation vor. In den Printmedien wurde dar\u00fcber berichtet. Im ersten Workshop gab es eine Einf\u00fchrung in die Medienarbeit und das Fotografieren und Filmen in freier Natur wurde ge\u00fcbt. Danach entstand in einer Musik- und Schreibwerkstatt das Lied \u00fcber den Blutweiderich. Dieses Lied wurde als Musikclip verfilmt. Leider konnten die Ergebnisse auf Grund der Pandemie, nicht wie geplant \u00f6ffentlich in Pr\u00e4senz im Stern in Echzell gezeigt werden, sondern mussten online pr\u00e4sentiert werden. Gemeinsam mit Franziska M\u00fcller Lotz, Sabine Tinz und J\u00f6rg Pfaffenroth erstellten die Teilnehmer eine Zoom-Pr\u00e4sentation, die sich sehen lassen konnte.<\/p>\n<p>Am Sonntagmorgen, den 5.12.21 um 10:00 Uhr, startete die Online-Veranstaltung. Die B\u00fcrgermeister*Innen der Kommunen Reichelsheim mit Schirmherrin Frau Herget-Umsonst, Florstadt- Herr Unger, Echzell- Herr Mogk und W\u00f6lfersheim- Herr See nahmen teil oder \u00fcbermittelten ihre Gru\u00dfbotschaften. Au\u00dferdem nahmen die beiden Projektpartner Ohinga und Nabu Wetterau als G\u00e4ste teil. Zeliha G\u00fcltekin von der T\u00fcrkische Gemeinde Deutschland, welche das Projekt finanziell unterst\u00fctzt, gr\u00fc\u00dfte alle Beteiligten. Der Moderator Maximilian Schorn f\u00fchrte sicher durch das Programm, w\u00e4hrend Moritz Euler den Chat \u00fcbernahm und Mike Boock die PowerPoint-Pr\u00e4sentation bediente und die Videos mit den Gru\u00dfbotschaften einspielte. So hatten die Fachkr\u00e4fte wie der Fotograf G\u00fcnther D\u00e4chert, Musiker Martin Schnur, Musikproducer Marko Landmann und Medienp\u00e4dagoge Jan Rathje die M\u00f6glichkeit sich vorzustellen und \u00fcber ihre T\u00e4tigkeiten und Erfahrungen w\u00e4hrend des Projekts zu berichten.<\/p>\n<p>Nachdem der Naturf\u00fchrer Dominik Schmitt den \u201eHauptdarsteller\u201c des Projektes \u2013 den Blutweiderich- vorstellte, pr\u00e4sentierte Sabine Tinz die Ergebnisse der drei Workshops. Dann berichteten die Jugendlichen In kurzen Videosequenzen, was ihnen gut gefallen hat, was sie gelernt haben und welche W\u00fcnsche sie an uns Erwachsene f\u00fcr Ihre Zukunft haben. Gerade die Themen wie Krieg, Umwelt, Klima, Krankheiten und M\u00fcll belasten sie sehr.<\/p>\n<p>Nach der Pr\u00e4sentation lies es sich Martin Schnur nicht nehmen, die Veranstaltung mit einem kleinen Song \u00fcber die Vorweihnachtszeit zu beenden. Dr. Olaf Kellner \u2013 1. Vorsitzender vom Verein Ohinga- lobte die Ergebnisse der Jugendlichen und rief zu einem gro\u00dfen Applaus auf.<\/p>\n<p>Die Schirmherrin, B\u00fcrgermeisterin Lena Herget Umsonst, war auch voll des Lobes: \u201eDass Kultur stark macht, hat Euer Projekt eindeutig bewiesen. Es war herrlich zu erleben, wie kreativ ihr Euch mit den Themen Heimat und Natur auseinandergesetzt habt und wie viel Spa\u00df ihr miteinander hattet. Ihr habt sicherlich nicht nur Medien- und Sozialkompetenz erlernen d\u00fcrfen, sondern auch neue Freundschaften kn\u00fcpfen k\u00f6nnen. Ein herzliches Dankesch\u00f6n an alle Projektbeteiligten. Macht weiter so!\u201c<\/p>\n<p>Das Projekt mein Land &#8211; Meine Zukunft geht im n\u00e4chsten Jahr weiter. In den Osterferien und den Sommerferien gibt es wieder\u00a0 drei Workshops und im Oktober \u00b421 eine Abschlusspr\u00e4sentation.<\/p>\n<p>Das Projekt \u201eMein Land \u2013 sehen, h\u00f6ren und erleben\u201c wird unterst\u00fctzt durch das Programm \u201eMein Land \u2013 Zeit f\u00fcr Zukunft\u201c der T\u00fcrkischen Gemeinde in Deutschland im Rahmen des Bundesprogramms Kultur macht stark. B\u00fcndnisse f\u00fcr Bildung des Bundesministeriums f\u00fcr Bildung und Forschung.<\/p>\n<p>Informationen zu dem Projekt gibt es unter Pfaffenroth@jugendpflege4.de oder Handy 01739897293<\/p>\n","protected":false},"excerpt":{"rendered":"<p>In den letzten 2 Wochen bereiteten die Jugendlichen, die an den drei Medien-Workshops der Jugendpflege 4.0 teilgenommen hatten, eine Abschlusspr\u00e4sentation vor. In den Printmedien wurde dar\u00fcber berichtet. Im ersten Workshop gab es eine Einf\u00fchrung in die Medienarbeit und das Fotografieren und Filmen in freier Natur wurde ge\u00fcbt. Danach entstand in einer Musik- und Schreibwerkstatt das [&hellip;]<\/p>\n","protected":false},"author":1,"featured_media":2232,"comment_status":"open","ping_status":"open","sticky":false,"template":"","format":"standard","meta":{"_bbp_topic_count":0,"_bbp_reply_count":0,"_bbp_total_topic_count":0,"_bbp_total_reply_count":0,"_bbp_voice_count":0,"_bbp_anonymous_reply_count":0,"_bbp_topic_count_hidden":0,"_bbp_reply_count_hidden":0,"_bbp_forum_subforum_count":0,"footnotes":""},"categories":[1],"tags":[],"class_list":["post-2348","post","type-post","status-publish","format-standard","has-post-thumbnail","hentry","category-allgemein"],"_links":{"self":[{"href":"https:\/\/jugendpflege4.org\/index.php\/wp-json\/wp\/v2\/posts\/2348","targetHints":{"allow":["GET"]}}],"collection":[{"href":"https:\/\/jugendpflege4.org\/index.php\/wp-json\/wp\/v2\/posts"}],"about":[{"href":"https:\/\/jugendpflege4.org\/index.php\/wp-json\/wp\/v2\/types\/post"}],"author":[{"embeddable":true,"href":"https:\/\/jugendpflege4.org\/index.php\/wp-json\/wp\/v2\/users\/1"}],"replies":[{"embeddable":true,"href":"https:\/\/jugendpflege4.org\/index.php\/wp-json\/wp\/v2\/comments?post=2348"}],"version-history":[{"count":1,"href":"https:\/\/jugendpflege4.org\/index.php\/wp-json\/wp\/v2\/posts\/2348\/revisions"}],"predecessor-version":[{"id":2349,"href":"https:\/\/jugendpflege4.org\/index.php\/wp-json\/wp\/v2\/posts\/2348\/revisions\/2349"}],"wp:featuredmedia":[{"embeddable":true,"href":"https:\/\/jugendpflege4.org\/index.php\/wp-json\/wp\/v2\/media\/2232"}],"wp:attachment":[{"href":"https:\/\/jugendpflege4.org\/index.php\/wp-json\/wp\/v2\/media?parent=2348"}],"wp:term":[{"taxonomy":"category","embeddable":true,"href":"https:\/\/jugendpflege4.org\/index.php\/wp-json\/wp\/v2\/categories?post=2348"},{"taxonomy":"post_tag","embeddable":true,"href":"https:\/\/jugendpflege4.org\/index.php\/wp-json\/wp\/v2\/tags?post=2348"}],"curies":[{"name":"wp","href":"https:\/\/api.w.org\/{rel}","templated":true}]}}