{"id":2364,"date":"2021-12-23T16:53:59","date_gmt":"2021-12-23T15:53:59","guid":{"rendered":"https:\/\/jugendpflege4.org\/?p=2364"},"modified":"2021-12-23T16:54:18","modified_gmt":"2021-12-23T15:54:18","slug":"die-jugendraeume-machen-wieder-auf","status":"publish","type":"post","link":"https:\/\/jugendpflege4.org\/index.php\/2021\/12\/23\/die-jugendraeume-machen-wieder-auf\/","title":{"rendered":"Die Jugendr\u00e4ume machen wieder auf!"},"content":{"rendered":"<p>Wir er\u00f6ffnen ab dem 10. Januar 2021 unsere vier gro\u00dfen Jugendr\u00e4ume in den Kernst\u00e4dten unserer 4 Kommunen. Wie ihr dort jeweils hin kommt, wie es da aussieht und was man da tun kann, \u00a0findet ihr als Info auf unserer Website: <a href=\"http:\/\/www.jugendpflege4.org\">www.jugendpflege4.org<\/a> oder auf Instagram und Facebook. Der Outdoorbus wird vorerst nur noch in Stammheim und Dorn-Assenheim halten (jeweils von 15-17 Uhr). Kommt vorbei und nehmt Euch eure R\u00e4ume. Wir sind gespannt, was ihr daraus machen wollt!<\/p>\n<p><img loading=\"lazy\" decoding=\"async\" class=\"alignnone size-large wp-image-2360\" src=\"https:\/\/jugendpflege4.org\/wp-content\/uploads\/2021\/12\/1-1024x1024.jpg\" alt=\"\" width=\"1024\" height=\"1024\" srcset=\"https:\/\/jugendpflege4.org\/wp-content\/uploads\/2021\/12\/1-66x66.jpg 66w, https:\/\/jugendpflege4.org\/wp-content\/uploads\/2021\/12\/1-150x150.jpg 150w, https:\/\/jugendpflege4.org\/wp-content\/uploads\/2021\/12\/1-200x200.jpg 200w, https:\/\/jugendpflege4.org\/wp-content\/uploads\/2021\/12\/1-300x300.jpg 300w, https:\/\/jugendpflege4.org\/wp-content\/uploads\/2021\/12\/1-400x400.jpg 400w, https:\/\/jugendpflege4.org\/wp-content\/uploads\/2021\/12\/1-600x600.jpg 600w, https:\/\/jugendpflege4.org\/wp-content\/uploads\/2021\/12\/1-768x768.jpg 768w, https:\/\/jugendpflege4.org\/wp-content\/uploads\/2021\/12\/1-800x800.jpg 800w, https:\/\/jugendpflege4.org\/wp-content\/uploads\/2021\/12\/1-1024x1024.jpg 1024w, https:\/\/jugendpflege4.org\/wp-content\/uploads\/2021\/12\/1.jpg 1080w\" sizes=\"auto, (max-width: 1024px) 100vw, 1024px\" \/><\/p>\n","protected":false},"excerpt":{"rendered":"<p>Wir er\u00f6ffnen ab dem 10. Januar 2021 unsere vier gro\u00dfen Jugendr\u00e4ume in den Kernst\u00e4dten unserer 4 Kommunen. Wie ihr dort jeweils hin kommt, wie es da aussieht und was man da tun kann, \u00a0findet ihr als Info auf unserer Website: www.jugendpflege4.org oder auf Instagram und Facebook. Der Outdoorbus wird vorerst nur noch in Stammheim und [&hellip;]<\/p>\n","protected":false},"author":3,"featured_media":2360,"comment_status":"open","ping_status":"open","sticky":false,"template":"","format":"standard","meta":{"_bbp_topic_count":0,"_bbp_reply_count":0,"_bbp_total_topic_count":0,"_bbp_total_reply_count":0,"_bbp_voice_count":0,"_bbp_anonymous_reply_count":0,"_bbp_topic_count_hidden":0,"_bbp_reply_count_hidden":0,"_bbp_forum_subforum_count":0,"footnotes":""},"categories":[1],"tags":[],"class_list":["post-2364","post","type-post","status-publish","format-standard","has-post-thumbnail","hentry","category-allgemein"],"_links":{"self":[{"href":"https:\/\/jugendpflege4.org\/index.php\/wp-json\/wp\/v2\/posts\/2364","targetHints":{"allow":["GET"]}}],"collection":[{"href":"https:\/\/jugendpflege4.org\/index.php\/wp-json\/wp\/v2\/posts"}],"about":[{"href":"https:\/\/jugendpflege4.org\/index.php\/wp-json\/wp\/v2\/types\/post"}],"author":[{"embeddable":true,"href":"https:\/\/jugendpflege4.org\/index.php\/wp-json\/wp\/v2\/users\/3"}],"replies":[{"embeddable":true,"href":"https:\/\/jugendpflege4.org\/index.php\/wp-json\/wp\/v2\/comments?post=2364"}],"version-history":[{"count":2,"href":"https:\/\/jugendpflege4.org\/index.php\/wp-json\/wp\/v2\/posts\/2364\/revisions"}],"predecessor-version":[{"id":2366,"href":"https:\/\/jugendpflege4.org\/index.php\/wp-json\/wp\/v2\/posts\/2364\/revisions\/2366"}],"wp:featuredmedia":[{"embeddable":true,"href":"https:\/\/jugendpflege4.org\/index.php\/wp-json\/wp\/v2\/media\/2360"}],"wp:attachment":[{"href":"https:\/\/jugendpflege4.org\/index.php\/wp-json\/wp\/v2\/media?parent=2364"}],"wp:term":[{"taxonomy":"category","embeddable":true,"href":"https:\/\/jugendpflege4.org\/index.php\/wp-json\/wp\/v2\/categories?post=2364"},{"taxonomy":"post_tag","embeddable":true,"href":"https:\/\/jugendpflege4.org\/index.php\/wp-json\/wp\/v2\/tags?post=2364"}],"curies":[{"name":"wp","href":"https:\/\/api.w.org\/{rel}","templated":true}]}}