{"id":2437,"date":"2022-04-07T17:03:13","date_gmt":"2022-04-07T15:03:13","guid":{"rendered":"https:\/\/jugendpflege4.org\/?p=2437"},"modified":"2022-04-07T17:03:13","modified_gmt":"2022-04-07T15:03:13","slug":"2437","status":"publish","type":"post","link":"https:\/\/jugendpflege4.org\/index.php\/2022\/04\/07\/2437\/","title":{"rendered":""},"content":{"rendered":"<p style=\"text-align: center;\">Bei der Stadt Reichelsheim ist ab 01.07.2022 eine Stelle als<\/p>\n<p style=\"text-align: center;\">\n<p style=\"text-align: center;\"><strong>Jugendpfleger (m\/w\/d)<\/strong><\/p>\n<p style=\"text-align: center;\">33 Std.\/Woche, befristet<\/p>\n<p style=\"text-align: center;\">\n<p style=\"text-align: center;\">im Team der <strong>Jugendpflege 4.0<\/strong> der Kommunen Florstadt_Reichelsheim_Echzell_W\u00f6lfersheim<\/p>\n<p style=\"text-align: center;\">\n<p style=\"text-align: center;\">neu zu besetzen.<\/p>\n<p style=\"text-align: left;\"><strong>Sie bringen mit:<\/strong><\/p>\n<ul style=\"text-align: left;\">\n<li>Empathie und Freude im Umgang mit Kindern und Jugendlichen<\/li>\n<li>Motivation, Engagement, selbst\u00e4ndiges Arbeiten sowie Selbstbewusstsein und die Bereitschaft, kreative Ideen in das Team der Jugendpflege 4.0 einzubringen<\/li>\n<li>eine abgeschlossene Ausbildung als Sozialp\u00e4dagoge\/Sozialp\u00e4dagogin oder Erzieher\/in oder einem abgeschlossenen Studium der Erziehungswissenschaften oder einem gleichwertigen Studium<\/li>\n<\/ul>\n<p style=\"text-align: left;\"><strong>Wir bieten Ihnen:<\/strong><\/p>\n<ul style=\"text-align: left;\">\n<li>Verg\u00fctung nach Entgeltgruppe S11 TV\u00f6D SuE<\/li>\n<li>tarifliche Jahressonderzahlung, Zusatzversorgung, Verm\u00f6genswirksame Leistungen<\/li>\n<li>eine verantwortungsvolle T\u00e4tigkeit in der interkommunalen Zusammenarbeit der Jugendpflege 4.0<\/li>\n<li>regelm\u00e4\u00dfige Fort- und Weiterbildungsm\u00f6glichkeiten<\/li>\n<li>monatliche Supervision<\/li>\n<li>Jobticket<\/li>\n<li>Bikeleasing<\/li>\n<\/ul>\n<p style=\"text-align: left;\"><strong>Die Stelle ist aufgrund von Elternzeitvertretung bis zum 31.07.2024 befristet.<\/strong><\/p>\n<p style=\"text-align: left;\">Bitte versenden Sie Ihre Bewerbungsunterlagen in Kopie und ohne Einschlagsmappe, da diese aus Kostengr\u00fcnden nicht zur\u00fcckgesandt werden k\u00f6nnen bis zum <strong>25.04.2022<\/strong> an<\/p>\n<p style=\"text-align: left;\">Magistrat der Stadt Reichelsheim, Zum Rathaus 1, 61203 Reichelsheim<\/p>\n<p style=\"text-align: left;\">\n<p style=\"text-align: left;\"><a href=\"mailto:rathaus@stadt-reichelsheim.de\">rathaus@stadt-reichelsheim.de<\/a><\/p>\n<p style=\"text-align: left;\"><u>\u00a0<\/u><\/p>\n<p style=\"text-align: left;\">F\u00fcr weitergehende Informationen steht Ihnen B\u00fcroleiter Horst Wenisch unter der<\/p>\n<p style=\"text-align: left;\">Tel.-Nr. 06035\/1001-12 zur Verf\u00fcgung.<\/p>\n<p style=\"text-align: center;\">\n","protected":false},"excerpt":{"rendered":"<p>Bei der Stadt Reichelsheim ist ab 01.07.2022 eine Stelle als Jugendpfleger (m\/w\/d) 33 Std.\/Woche, befristet im Team der Jugendpflege 4.0 der Kommunen Florstadt_Reichelsheim_Echzell_W\u00f6lfersheim neu zu besetzen. Sie bringen mit: Empathie und Freude im Umgang mit Kindern und Jugendlichen Motivation, Engagement, selbst\u00e4ndiges Arbeiten sowie Selbstbewusstsein und die Bereitschaft, kreative Ideen in das Team der Jugendpflege 4.0 [&hellip;]<\/p>\n","protected":false},"author":3,"featured_media":2438,"comment_status":"open","ping_status":"open","sticky":false,"template":"","format":"standard","meta":{"_bbp_topic_count":0,"_bbp_reply_count":0,"_bbp_total_topic_count":0,"_bbp_total_reply_count":0,"_bbp_voice_count":0,"_bbp_anonymous_reply_count":0,"_bbp_topic_count_hidden":0,"_bbp_reply_count_hidden":0,"_bbp_forum_subforum_count":0,"footnotes":""},"categories":[1],"tags":[],"class_list":["post-2437","post","type-post","status-publish","format-standard","has-post-thumbnail","hentry","category-allgemein"],"_links":{"self":[{"href":"https:\/\/jugendpflege4.org\/index.php\/wp-json\/wp\/v2\/posts\/2437","targetHints":{"allow":["GET"]}}],"collection":[{"href":"https:\/\/jugendpflege4.org\/index.php\/wp-json\/wp\/v2\/posts"}],"about":[{"href":"https:\/\/jugendpflege4.org\/index.php\/wp-json\/wp\/v2\/types\/post"}],"author":[{"embeddable":true,"href":"https:\/\/jugendpflege4.org\/index.php\/wp-json\/wp\/v2\/users\/3"}],"replies":[{"embeddable":true,"href":"https:\/\/jugendpflege4.org\/index.php\/wp-json\/wp\/v2\/comments?post=2437"}],"version-history":[{"count":1,"href":"https:\/\/jugendpflege4.org\/index.php\/wp-json\/wp\/v2\/posts\/2437\/revisions"}],"predecessor-version":[{"id":2441,"href":"https:\/\/jugendpflege4.org\/index.php\/wp-json\/wp\/v2\/posts\/2437\/revisions\/2441"}],"wp:featuredmedia":[{"embeddable":true,"href":"https:\/\/jugendpflege4.org\/index.php\/wp-json\/wp\/v2\/media\/2438"}],"wp:attachment":[{"href":"https:\/\/jugendpflege4.org\/index.php\/wp-json\/wp\/v2\/media?parent=2437"}],"wp:term":[{"taxonomy":"category","embeddable":true,"href":"https:\/\/jugendpflege4.org\/index.php\/wp-json\/wp\/v2\/categories?post=2437"},{"taxonomy":"post_tag","embeddable":true,"href":"https:\/\/jugendpflege4.org\/index.php\/wp-json\/wp\/v2\/tags?post=2437"}],"curies":[{"name":"wp","href":"https:\/\/api.w.org\/{rel}","templated":true}]}}