{"id":2458,"date":"2022-05-05T18:42:19","date_gmt":"2022-05-05T16:42:19","guid":{"rendered":"https:\/\/jugendpflege4.org\/?p=2458"},"modified":"2022-05-05T18:42:19","modified_gmt":"2022-05-05T16:42:19","slug":"2-woche-der-ferienspiele","status":"publish","type":"post","link":"https:\/\/jugendpflege4.org\/index.php\/2022\/05\/05\/2-woche-der-ferienspiele\/","title":{"rendered":"2. Woche der Ferienspiele"},"content":{"rendered":"<p>In der 2. Woche der Ferienspiele der vier Kommunen Florstadt, Reichelsheim, Echzell und W\u00f6lfersheim ging es m\u00e4rchenhaft, handwerklich und musikalisch weiter.<\/p>\n<p>Am Dienstag und Mittwoch sind im Jugendraum W\u00f6lfersheim mit der Autorin Sylvia Schopf und Daniela Stelz von der Jugendpflege 4.0 Zauberspr\u00fcche und m\u00e4rchenhafte Geschichten im Rahmen des Projektes Kultur macht Stark und dem Friedrich B\u00f6decker Kreis entstanden. Au\u00dferdem durften die Kinder sich ein Zaubers\u00e4ckchen mit magischen Gegenst\u00e4nden f\u00fcllen. Was die Gegenst\u00e4nde bewirken durften die Kinder selber entscheiden.<\/p>\n<p>In der Mediathek Stammheim konnten die Ferienspiel Kinder \u00fcberpr\u00fcfen, ob sie sich mit M\u00e4rchen auskennen.\u00a0 Gemeinsam wurde das M\u00e4rchenbuch \u201evon der Prinzessin, die unbedingt in einem M\u00e4rchen vorkommen wollte\u201c gelesen. Danach wurde ein weiteres M\u00e4rchen mit einem Kamishibai (Erz\u00e4hltheater) von den Teilnehmer*innen selbst erz\u00e4hlt.<\/p>\n<p>Mit den Florst\u00e4der Kindergruppen e.V. und Eva Kraft wurden Pailettenbilder angefertigt. Hier konnten die Kinder zwischen verschiedenen Bildern w\u00e4hlen und mit vielen bunten Pailletten besticken, sodass sie ein farbenfrohes Pailletten Bild mit nach Hause nehmen konnten.<\/p>\n<p>Unter dem Motto \u201eAfrika\u201c stand das 2. \u201eKultur macht Stark\u201c- Projekt der Jugendpflege 4.0 \u00a0am Mittwoch und am Donnerstag. Die Teilnehmer haben mit dem Afrikaner Baye Matala getrommelt und eine tierische Geschichte erfunden.<\/p>\n<p>Handwerklich ging es weiter mit Eva Kraft und Peter Eickmann vom Florst\u00e4dter Kindergruppen e.V.. Mit Nagel und Hammer wurde die Grundlage gesetzt f\u00fcr einen Regenmacher. Um den Kies und Sand zum Klingen zu bringen. Nachdem die Regenmacher fertig waren wurden sie auch gleich getestet und\u00a0 ein Regentanz aufgef\u00fchrt. Es gab auch tats\u00e4chlich ein Heimgewitter mit einer Gie\u00dfkanne-\u00a0 wer kann schon von sich sagen das er\/sie es regnen lassen kann wann man es m\u00f6chte.<\/p>\n<p>Mit dem Kindergruppen e.V. ging es mittags weiter und eine Gruppe der Ferienspielkinder konnte Fr\u00fchlungsblumen und -anh\u00e4nger aus Eierkartons erstellen.<\/p>\n<p>Der BUND Florstadt \/Reichelsheim baute unter Leitung von Dr. Monika Rhein Nistk\u00e4sten und Insektenhotels, schon beim Apfelfest des Arbeitskreises Streuobst (gegr\u00fcndet von BUND, \u00a0Obst- und Gartenbauverein) in Florstadt kam die Idee auf, Insektenhotels zu bauen. Nun sind die im Herbst nicht mehr so sinnvoll. Deswegen wurde daraus eine Aktion der Ferienspiele.<\/p>\n<p>Die Anmeldeliste war lang. Zu guter Letzt kam eine Gruppe von insgesamt dreizehn Kindern zustande, die mit gro\u00dfem Eifer Wohnungen f\u00fcr Wildbienen und Ohrw\u00fcrmer bauten und Nistk\u00e4sten f\u00fcr verschiedene Vogelarten entweder zusammenschraubten oder bemalten. Viele schafften drei Produkte, wenigstens aber zwei, die sie mitnehmen durften, nachdem gekl\u00e4rt war, was man beim Aufh\u00e4ngen zu beachten hat.<\/p>\n<p>In der Pause gab es zur St\u00e4rkung eine Runde Muffins. Der Drang nach einer Pause war aber gar nicht so gro\u00df. Daran und an den positiven R\u00fcckmeldungen konnte man sehen, dass alle viel Spa\u00df hatten.<\/p>\n<p>Am Freitag gab es noch einmal ein Angebot zum Pailettensticken des Kindergruppen-Vereins<\/p>\n<p>Die Jugendpflege plant inzwischen schon am Sommerprogramm, sollte es noch interessierte Vereine B\u00fcrger und Privatpersonen geben, die Interesse haben sich am Ferienprogramm der vier Kommunen zu beteiligen dann bitte unter <a href=\"mailto:info@jugenpflege4.de\">info@jugenpflege4.de<\/a> melden.<\/p>\n<p>Das Projekt Kultur macht stark wird Bundesministerium f\u00fcr Bildung und Forschung\u00a0 und dem Friedrich B\u00f6decker Kreis gef\u00f6rdert.<\/p>\n<p>Wir bedanken uns bei allen Helfern, Vereinen und Privatpersonen\u00a0 ohne die das Ferienprogramm nicht m\u00f6glich w\u00e4re.<\/p>\n","protected":false},"excerpt":{"rendered":"<p>In der 2. Woche der Ferienspiele der vier Kommunen Florstadt, Reichelsheim, Echzell und W\u00f6lfersheim ging es m\u00e4rchenhaft, handwerklich und musikalisch weiter. Am Dienstag und Mittwoch sind im Jugendraum W\u00f6lfersheim mit der Autorin Sylvia Schopf und Daniela Stelz von der Jugendpflege 4.0 Zauberspr\u00fcche und m\u00e4rchenhafte Geschichten im Rahmen des Projektes Kultur macht Stark und dem Friedrich [&hellip;]<\/p>\n","protected":false},"author":3,"featured_media":0,"comment_status":"open","ping_status":"open","sticky":false,"template":"","format":"standard","meta":{"_bbp_topic_count":0,"_bbp_reply_count":0,"_bbp_total_topic_count":0,"_bbp_total_reply_count":0,"_bbp_voice_count":0,"_bbp_anonymous_reply_count":0,"_bbp_topic_count_hidden":0,"_bbp_reply_count_hidden":0,"_bbp_forum_subforum_count":0,"footnotes":""},"categories":[1],"tags":[],"class_list":["post-2458","post","type-post","status-publish","format-standard","hentry","category-allgemein"],"_links":{"self":[{"href":"https:\/\/jugendpflege4.org\/index.php\/wp-json\/wp\/v2\/posts\/2458","targetHints":{"allow":["GET"]}}],"collection":[{"href":"https:\/\/jugendpflege4.org\/index.php\/wp-json\/wp\/v2\/posts"}],"about":[{"href":"https:\/\/jugendpflege4.org\/index.php\/wp-json\/wp\/v2\/types\/post"}],"author":[{"embeddable":true,"href":"https:\/\/jugendpflege4.org\/index.php\/wp-json\/wp\/v2\/users\/3"}],"replies":[{"embeddable":true,"href":"https:\/\/jugendpflege4.org\/index.php\/wp-json\/wp\/v2\/comments?post=2458"}],"version-history":[{"count":1,"href":"https:\/\/jugendpflege4.org\/index.php\/wp-json\/wp\/v2\/posts\/2458\/revisions"}],"predecessor-version":[{"id":2459,"href":"https:\/\/jugendpflege4.org\/index.php\/wp-json\/wp\/v2\/posts\/2458\/revisions\/2459"}],"wp:attachment":[{"href":"https:\/\/jugendpflege4.org\/index.php\/wp-json\/wp\/v2\/media?parent=2458"}],"wp:term":[{"taxonomy":"category","embeddable":true,"href":"https:\/\/jugendpflege4.org\/index.php\/wp-json\/wp\/v2\/categories?post=2458"},{"taxonomy":"post_tag","embeddable":true,"href":"https:\/\/jugendpflege4.org\/index.php\/wp-json\/wp\/v2\/tags?post=2458"}],"curies":[{"name":"wp","href":"https:\/\/api.w.org\/{rel}","templated":true}]}}