{"id":2484,"date":"2022-07-13T11:15:00","date_gmt":"2022-07-13T09:15:00","guid":{"rendered":"https:\/\/jugendpflege4.org\/?p=2484"},"modified":"2022-07-13T11:15:01","modified_gmt":"2022-07-13T09:15:01","slug":"auf-ein-baldiges-wiedersehen-lieber-joerg","status":"publish","type":"post","link":"https:\/\/jugendpflege4.org\/index.php\/2022\/07\/13\/auf-ein-baldiges-wiedersehen-lieber-joerg\/","title":{"rendered":"Auf ein baldiges Wiedersehen, lieber J\u00f6rg!"},"content":{"rendered":"<p>\u201eEs ist Zeit, f\u00fcr das, was war, Danke zu sagen, damit das, was kommen wird, unter einem guten Stern beginnt.\u201c<\/p>\n<p>Liebe Jugendliche, Kinder und Eltern,<\/p>\n<p>zum 1.7.2021 verlasse ich die Jugendpflege 4.0 um an der Nordsee eine neue Stelle als Jugendpfleger anzutreten. Ich bedanke mich bei der B\u00fcgermeisterin und allen drei B\u00fcrgermeistern der Kommunen Florstadt, Reichelsheim, Echzell und W\u00f6lfersheim f\u00fcr die gute Zusammenarbeit. Ebenso danke ich den Kolleginnen und Kollegen aus den Verwaltungen, den Vereinen und Privatpersonen, die mich in den letzten 21 Jahren bei der Jugendarbeit unterst\u00fctzt haben.<\/p>\n<p>Besonders meinem Team w\u00fcnsche alles Gute f\u00fcr die weitere Arbeit in der Jugendpflege 4.0.<\/p>\n<p>Machts Gut<\/p>\n<p>J\u00f6rg<\/p>\n<p><a href=\"https:\/\/jugendpflege4.org\/index.php\/2022\/07\/13\/auf-ein-baldiges-wiedersehen-lieber-joerg\/meer\/\" rel=\"attachment wp-att-2485\"><img loading=\"lazy\" decoding=\"async\" class=\"alignnone wp-image-2485\" src=\"https:\/\/jugendpflege4.org\/wp-content\/uploads\/2022\/07\/meer-1024x1024.jpg\" alt=\"\" width=\"424\" height=\"424\" srcset=\"https:\/\/jugendpflege4.org\/wp-content\/uploads\/2022\/07\/meer-66x66.jpg 66w, https:\/\/jugendpflege4.org\/wp-content\/uploads\/2022\/07\/meer-150x150.jpg 150w, https:\/\/jugendpflege4.org\/wp-content\/uploads\/2022\/07\/meer-200x200.jpg 200w, https:\/\/jugendpflege4.org\/wp-content\/uploads\/2022\/07\/meer-300x300.jpg 300w, https:\/\/jugendpflege4.org\/wp-content\/uploads\/2022\/07\/meer-400x400.jpg 400w, https:\/\/jugendpflege4.org\/wp-content\/uploads\/2022\/07\/meer-600x600.jpg 600w, https:\/\/jugendpflege4.org\/wp-content\/uploads\/2022\/07\/meer-768x768.jpg 768w, https:\/\/jugendpflege4.org\/wp-content\/uploads\/2022\/07\/meer-800x800.jpg 800w, https:\/\/jugendpflege4.org\/wp-content\/uploads\/2022\/07\/meer-1024x1024.jpg 1024w, https:\/\/jugendpflege4.org\/wp-content\/uploads\/2022\/07\/meer-1200x1200.jpg 1200w, https:\/\/jugendpflege4.org\/wp-content\/uploads\/2022\/07\/meer-1536x1536.jpg 1536w\" sizes=\"auto, (max-width: 424px) 100vw, 424px\" \/><\/a><\/p>\n","protected":false},"excerpt":{"rendered":"<p>\u201eEs ist Zeit, f\u00fcr das, was war, Danke zu sagen, damit das, was kommen wird, unter einem guten Stern beginnt.\u201c Liebe Jugendliche, Kinder und Eltern, zum 1.7.2021 verlasse ich die Jugendpflege 4.0 um an der Nordsee eine neue Stelle als Jugendpfleger anzutreten. Ich bedanke mich bei der B\u00fcgermeisterin und allen drei B\u00fcrgermeistern der Kommunen Florstadt, [&hellip;]<\/p>\n","protected":false},"author":3,"featured_media":2485,"comment_status":"open","ping_status":"open","sticky":false,"template":"","format":"standard","meta":{"_bbp_topic_count":0,"_bbp_reply_count":0,"_bbp_total_topic_count":0,"_bbp_total_reply_count":0,"_bbp_voice_count":0,"_bbp_anonymous_reply_count":0,"_bbp_topic_count_hidden":0,"_bbp_reply_count_hidden":0,"_bbp_forum_subforum_count":0,"footnotes":""},"categories":[1],"tags":[],"class_list":["post-2484","post","type-post","status-publish","format-standard","has-post-thumbnail","hentry","category-allgemein"],"_links":{"self":[{"href":"https:\/\/jugendpflege4.org\/index.php\/wp-json\/wp\/v2\/posts\/2484","targetHints":{"allow":["GET"]}}],"collection":[{"href":"https:\/\/jugendpflege4.org\/index.php\/wp-json\/wp\/v2\/posts"}],"about":[{"href":"https:\/\/jugendpflege4.org\/index.php\/wp-json\/wp\/v2\/types\/post"}],"author":[{"embeddable":true,"href":"https:\/\/jugendpflege4.org\/index.php\/wp-json\/wp\/v2\/users\/3"}],"replies":[{"embeddable":true,"href":"https:\/\/jugendpflege4.org\/index.php\/wp-json\/wp\/v2\/comments?post=2484"}],"version-history":[{"count":2,"href":"https:\/\/jugendpflege4.org\/index.php\/wp-json\/wp\/v2\/posts\/2484\/revisions"}],"predecessor-version":[{"id":2487,"href":"https:\/\/jugendpflege4.org\/index.php\/wp-json\/wp\/v2\/posts\/2484\/revisions\/2487"}],"wp:featuredmedia":[{"embeddable":true,"href":"https:\/\/jugendpflege4.org\/index.php\/wp-json\/wp\/v2\/media\/2485"}],"wp:attachment":[{"href":"https:\/\/jugendpflege4.org\/index.php\/wp-json\/wp\/v2\/media?parent=2484"}],"wp:term":[{"taxonomy":"category","embeddable":true,"href":"https:\/\/jugendpflege4.org\/index.php\/wp-json\/wp\/v2\/categories?post=2484"},{"taxonomy":"post_tag","embeddable":true,"href":"https:\/\/jugendpflege4.org\/index.php\/wp-json\/wp\/v2\/tags?post=2484"}],"curies":[{"name":"wp","href":"https:\/\/api.w.org\/{rel}","templated":true}]}}