{"id":2541,"date":"2022-08-31T13:00:31","date_gmt":"2022-08-31T11:00:31","guid":{"rendered":"https:\/\/jugendpflege4.org\/?p=2541"},"modified":"2022-08-31T13:00:31","modified_gmt":"2022-08-31T11:00:31","slug":"sport-und-fantasie-in-der-fuenften-ferienspielwoche","status":"publish","type":"post","link":"https:\/\/jugendpflege4.org\/index.php\/2022\/08\/31\/sport-und-fantasie-in-der-fuenften-ferienspielwoche\/","title":{"rendered":"Sport und Fantasie in der f\u00fcnften Ferienspielwoche"},"content":{"rendered":"<p>Zu Beginn der f\u00fcnften Ferienspielwoche ging es hoch hinaus im Kletterwald. Die Jugendlichen zeigten sowohl Mut als auch Geschick in den Baumkronen und konnten schlie\u00dflich auf den vielen Seilbahnen durch das Ge\u00e4st sausen.<\/p>\n<p>Weiterhin sportlich ging es am Dienstag beim Sommer-Biathlon her. Mit Unterst\u00fctzung durch die Echzeller <em>Sportsch\u00fctzengemeinschaft<\/em> e.V. wurde das Schie\u00dfen mit Lasergewehren im Liegen und Sitzen ge\u00fcbt, bevor es auf die Strecke mit Inlinern ging. Nach einem ausgiebigen Training, traten die Jugendlichen am Ende gegeneinander auf Zeit an.<\/p>\n<p>NEIN!-Sagen lernten die Teilnehmenden beim Selbstverteidigungskurs des KampfKunstVereins Florstadt. Hier ging es sowohl darum, den Kindern Selbstbewusstsein als auch Techniken der Selbstverteidigung mit auf ihren Weg zu geben.<\/p>\n<p>Bei der Geschichten-Erfinder-Werkstatt ging es diese Woche um tierisch-fabelhafte M\u00e4rchen. Zur Inspiration wurde den Tieren auf dem Hof der Hofmanns in W\u00f6lfersheim ein Besuch abgestattet, bevor es an das Schreiben der Geschichten ging. Die kreativen Werke aller Kinder, werden Ende des Jahres in einem Buch abgedruckt.<\/p>\n<p>Der Tischfu\u00dfball Club Florstadt lud zum Ende der Woche zum Kickern ein. Dabei wurden die Teilnehmenden in die Regeln und die Spielweise des Team-Sports eingef\u00fchrt und konnten schlie\u00dflich in einem Turnier am Ende zeigen, was sie alles gelernt haben.<\/p>\n<p>Hinter die Kulissen der Feuerwehr Florstadt konnten alle Interessierten am Samstag schauen. Hier wurden diesmal nicht nur die \u00fcblichen Praktiken der Feuerwehrfrauen und -m\u00e4nner kennengelernt, sondern auch das Verbinden von Wunden mit Unterst\u00fctzung des Deutschen Roten Kreuzes ge\u00fcbt.<\/p>\n<p>Sowohl das Angebot \u201eMonochromies\u201c als auch \u201eLet\u2019s talk about\u2026\u201c mussten aufgrund von zu geringen Teilnehmendenzahlen abgesagt werden.<\/p>\n<p>Noch eine Woche Ferienspiele liegt vor uns. Wie schnell die Zeit fliegt, wenn man Spa\u00df hat\u2026\ud83d\ude0a<\/p>\n<p>Eure Jugendpflege 4.0<\/p>\n<p><a href=\"https:\/\/jugendpflege4.org\/index.php\/2022\/08\/31\/sport-und-fantasie-in-der-fuenften-ferienspielwoche\/biathlon\/\" rel=\"attachment wp-att-2542\"><img loading=\"lazy\" decoding=\"async\" class=\"alignnone size-medium wp-image-2542\" src=\"https:\/\/jugendpflege4.org\/wp-content\/uploads\/2022\/08\/Biathlon-300x300.jpg\" alt=\"\" width=\"300\" height=\"300\" srcset=\"https:\/\/jugendpflege4.org\/wp-content\/uploads\/2022\/08\/Biathlon-66x66.jpg 66w, https:\/\/jugendpflege4.org\/wp-content\/uploads\/2022\/08\/Biathlon-150x150.jpg 150w, https:\/\/jugendpflege4.org\/wp-content\/uploads\/2022\/08\/Biathlon-200x200.jpg 200w, https:\/\/jugendpflege4.org\/wp-content\/uploads\/2022\/08\/Biathlon-300x300.jpg 300w, https:\/\/jugendpflege4.org\/wp-content\/uploads\/2022\/08\/Biathlon-400x400.jpg 400w, https:\/\/jugendpflege4.org\/wp-content\/uploads\/2022\/08\/Biathlon-600x600.jpg 600w, https:\/\/jugendpflege4.org\/wp-content\/uploads\/2022\/08\/Biathlon-768x768.jpg 768w, https:\/\/jugendpflege4.org\/wp-content\/uploads\/2022\/08\/Biathlon-800x800.jpg 800w, https:\/\/jugendpflege4.org\/wp-content\/uploads\/2022\/08\/Biathlon-1024x1024.jpg 1024w, https:\/\/jugendpflege4.org\/wp-content\/uploads\/2022\/08\/Biathlon-1200x1200.jpg 1200w, https:\/\/jugendpflege4.org\/wp-content\/uploads\/2022\/08\/Biathlon-1536x1536.jpg 1536w\" sizes=\"auto, (max-width: 300px) 100vw, 300px\" \/><\/a> <a href=\"https:\/\/jugendpflege4.org\/index.php\/2022\/08\/31\/sport-und-fantasie-in-der-fuenften-ferienspielwoche\/feuerwehr-2\/\" rel=\"attachment wp-att-2543\"><img loading=\"lazy\" decoding=\"async\" class=\"alignnone size-medium wp-image-2543\" src=\"https:\/\/jugendpflege4.org\/wp-content\/uploads\/2022\/08\/Feuerwehr-300x300.jpeg\" alt=\"\" width=\"300\" height=\"300\" srcset=\"https:\/\/jugendpflege4.org\/wp-content\/uploads\/2022\/08\/Feuerwehr-66x66.jpeg 66w, https:\/\/jugendpflege4.org\/wp-content\/uploads\/2022\/08\/Feuerwehr-150x150.jpeg 150w, https:\/\/jugendpflege4.org\/wp-content\/uploads\/2022\/08\/Feuerwehr-200x200.jpeg 200w, https:\/\/jugendpflege4.org\/wp-content\/uploads\/2022\/08\/Feuerwehr-300x300.jpeg 300w, https:\/\/jugendpflege4.org\/wp-content\/uploads\/2022\/08\/Feuerwehr-400x400.jpeg 400w, https:\/\/jugendpflege4.org\/wp-content\/uploads\/2022\/08\/Feuerwehr-600x600.jpeg 600w, https:\/\/jugendpflege4.org\/wp-content\/uploads\/2022\/08\/Feuerwehr-768x768.jpeg 768w, https:\/\/jugendpflege4.org\/wp-content\/uploads\/2022\/08\/Feuerwehr-800x800.jpeg 800w, https:\/\/jugendpflege4.org\/wp-content\/uploads\/2022\/08\/Feuerwehr-1024x1024.jpeg 1024w, https:\/\/jugendpflege4.org\/wp-content\/uploads\/2022\/08\/Feuerwehr.jpeg 1198w\" sizes=\"auto, (max-width: 300px) 100vw, 300px\" \/><\/a> <a href=\"https:\/\/jugendpflege4.org\/index.php\/2022\/08\/31\/sport-und-fantasie-in-der-fuenften-ferienspielwoche\/kickern\/\" rel=\"attachment wp-att-2544\"><img loading=\"lazy\" decoding=\"async\" class=\"alignnone size-medium wp-image-2544\" src=\"https:\/\/jugendpflege4.org\/wp-content\/uploads\/2022\/08\/Kickern-300x300.jpg\" alt=\"\" width=\"300\" height=\"300\" srcset=\"https:\/\/jugendpflege4.org\/wp-content\/uploads\/2022\/08\/Kickern-66x66.jpg 66w, https:\/\/jugendpflege4.org\/wp-content\/uploads\/2022\/08\/Kickern-150x150.jpg 150w, https:\/\/jugendpflege4.org\/wp-content\/uploads\/2022\/08\/Kickern-200x200.jpg 200w, https:\/\/jugendpflege4.org\/wp-content\/uploads\/2022\/08\/Kickern-300x300.jpg 300w, https:\/\/jugendpflege4.org\/wp-content\/uploads\/2022\/08\/Kickern-400x400.jpg 400w, https:\/\/jugendpflege4.org\/wp-content\/uploads\/2022\/08\/Kickern-600x600.jpg 600w, https:\/\/jugendpflege4.org\/wp-content\/uploads\/2022\/08\/Kickern-768x768.jpg 768w, https:\/\/jugendpflege4.org\/wp-content\/uploads\/2022\/08\/Kickern-800x800.jpg 800w, https:\/\/jugendpflege4.org\/wp-content\/uploads\/2022\/08\/Kickern-1024x1024.jpg 1024w, https:\/\/jugendpflege4.org\/wp-content\/uploads\/2022\/08\/Kickern-1200x1200.jpg 1200w, https:\/\/jugendpflege4.org\/wp-content\/uploads\/2022\/08\/Kickern-1536x1536.jpg 1536w\" sizes=\"auto, (max-width: 300px) 100vw, 300px\" \/><\/a> <a href=\"https:\/\/jugendpflege4.org\/index.php\/2022\/08\/31\/sport-und-fantasie-in-der-fuenften-ferienspielwoche\/kletterwald\/\" rel=\"attachment wp-att-2545\"><img loading=\"lazy\" decoding=\"async\" class=\"alignnone size-medium wp-image-2545\" src=\"https:\/\/jugendpflege4.org\/wp-content\/uploads\/2022\/08\/Kletterwald-300x300.jpg\" alt=\"\" width=\"300\" height=\"300\" srcset=\"https:\/\/jugendpflege4.org\/wp-content\/uploads\/2022\/08\/Kletterwald-66x66.jpg 66w, https:\/\/jugendpflege4.org\/wp-content\/uploads\/2022\/08\/Kletterwald-150x150.jpg 150w, https:\/\/jugendpflege4.org\/wp-content\/uploads\/2022\/08\/Kletterwald-200x200.jpg 200w, https:\/\/jugendpflege4.org\/wp-content\/uploads\/2022\/08\/Kletterwald-300x300.jpg 300w, https:\/\/jugendpflege4.org\/wp-content\/uploads\/2022\/08\/Kletterwald-400x400.jpg 400w, https:\/\/jugendpflege4.org\/wp-content\/uploads\/2022\/08\/Kletterwald-600x600.jpg 600w, https:\/\/jugendpflege4.org\/wp-content\/uploads\/2022\/08\/Kletterwald-768x768.jpg 768w, https:\/\/jugendpflege4.org\/wp-content\/uploads\/2022\/08\/Kletterwald-800x800.jpg 800w, https:\/\/jugendpflege4.org\/wp-content\/uploads\/2022\/08\/Kletterwald-1024x1024.jpg 1024w, https:\/\/jugendpflege4.org\/wp-content\/uploads\/2022\/08\/Kletterwald.jpg 1187w\" sizes=\"auto, (max-width: 300px) 100vw, 300px\" \/><\/a> <a href=\"https:\/\/jugendpflege4.org\/index.php\/2022\/08\/31\/sport-und-fantasie-in-der-fuenften-ferienspielwoche\/selbstverteidigung\/\" rel=\"attachment wp-att-2546\"><img loading=\"lazy\" decoding=\"async\" class=\"alignnone size-medium wp-image-2546\" src=\"https:\/\/jugendpflege4.org\/wp-content\/uploads\/2022\/08\/Selbstverteidigung-300x300.jpeg\" alt=\"\" width=\"300\" height=\"300\" srcset=\"https:\/\/jugendpflege4.org\/wp-content\/uploads\/2022\/08\/Selbstverteidigung-66x66.jpeg 66w, https:\/\/jugendpflege4.org\/wp-content\/uploads\/2022\/08\/Selbstverteidigung-150x150.jpeg 150w, https:\/\/jugendpflege4.org\/wp-content\/uploads\/2022\/08\/Selbstverteidigung-200x200.jpeg 200w, https:\/\/jugendpflege4.org\/wp-content\/uploads\/2022\/08\/Selbstverteidigung-300x300.jpeg 300w, https:\/\/jugendpflege4.org\/wp-content\/uploads\/2022\/08\/Selbstverteidigung-400x400.jpeg 400w, https:\/\/jugendpflege4.org\/wp-content\/uploads\/2022\/08\/Selbstverteidigung-600x601.jpeg 600w, https:\/\/jugendpflege4.org\/wp-content\/uploads\/2022\/08\/Selbstverteidigung-768x769.jpeg 768w, https:\/\/jugendpflege4.org\/wp-content\/uploads\/2022\/08\/Selbstverteidigung-800x801.jpeg 800w, https:\/\/jugendpflege4.org\/wp-content\/uploads\/2022\/08\/Selbstverteidigung.jpeg 936w\" sizes=\"auto, (max-width: 300px) 100vw, 300px\" \/><\/a> <a href=\"https:\/\/jugendpflege4.org\/index.php\/2022\/08\/31\/sport-und-fantasie-in-der-fuenften-ferienspielwoche\/tierisch-fabelhafte-2\/\" rel=\"attachment wp-att-2547\"><img loading=\"lazy\" decoding=\"async\" class=\"alignnone size-medium wp-image-2547\" src=\"https:\/\/jugendpflege4.org\/wp-content\/uploads\/2022\/08\/Tierisch-Fabelhafte-2-300x300.jpeg\" alt=\"\" width=\"300\" height=\"300\" srcset=\"https:\/\/jugendpflege4.org\/wp-content\/uploads\/2022\/08\/Tierisch-Fabelhafte-2-66x66.jpeg 66w, https:\/\/jugendpflege4.org\/wp-content\/uploads\/2022\/08\/Tierisch-Fabelhafte-2-150x150.jpeg 150w, https:\/\/jugendpflege4.org\/wp-content\/uploads\/2022\/08\/Tierisch-Fabelhafte-2-200x200.jpeg 200w, https:\/\/jugendpflege4.org\/wp-content\/uploads\/2022\/08\/Tierisch-Fabelhafte-2-300x300.jpeg 300w, https:\/\/jugendpflege4.org\/wp-content\/uploads\/2022\/08\/Tierisch-Fabelhafte-2-400x400.jpeg 400w, https:\/\/jugendpflege4.org\/wp-content\/uploads\/2022\/08\/Tierisch-Fabelhafte-2-600x600.jpeg 600w, https:\/\/jugendpflege4.org\/wp-content\/uploads\/2022\/08\/Tierisch-Fabelhafte-2-768x768.jpeg 768w, https:\/\/jugendpflege4.org\/wp-content\/uploads\/2022\/08\/Tierisch-Fabelhafte-2-800x800.jpeg 800w, https:\/\/jugendpflege4.org\/wp-content\/uploads\/2022\/08\/Tierisch-Fabelhafte-2-1024x1024.jpeg 1024w, https:\/\/jugendpflege4.org\/wp-content\/uploads\/2022\/08\/Tierisch-Fabelhafte-2.jpeg 1070w\" sizes=\"auto, (max-width: 300px) 100vw, 300px\" \/><\/a><\/p>\n","protected":false},"excerpt":{"rendered":"<p>Zu Beginn der f\u00fcnften Ferienspielwoche ging es hoch hinaus im Kletterwald. Die Jugendlichen zeigten sowohl Mut als auch Geschick in den Baumkronen und konnten schlie\u00dflich auf den vielen Seilbahnen durch das Ge\u00e4st sausen. Weiterhin sportlich ging es am Dienstag beim Sommer-Biathlon her. Mit Unterst\u00fctzung durch die Echzeller Sportsch\u00fctzengemeinschaft e.V. wurde das Schie\u00dfen mit Lasergewehren im [&hellip;]<\/p>\n","protected":false},"author":3,"featured_media":2545,"comment_status":"open","ping_status":"open","sticky":false,"template":"","format":"standard","meta":{"_bbp_topic_count":0,"_bbp_reply_count":0,"_bbp_total_topic_count":0,"_bbp_total_reply_count":0,"_bbp_voice_count":0,"_bbp_anonymous_reply_count":0,"_bbp_topic_count_hidden":0,"_bbp_reply_count_hidden":0,"_bbp_forum_subforum_count":0,"footnotes":""},"categories":[1],"tags":[],"class_list":["post-2541","post","type-post","status-publish","format-standard","has-post-thumbnail","hentry","category-allgemein"],"_links":{"self":[{"href":"https:\/\/jugendpflege4.org\/index.php\/wp-json\/wp\/v2\/posts\/2541","targetHints":{"allow":["GET"]}}],"collection":[{"href":"https:\/\/jugendpflege4.org\/index.php\/wp-json\/wp\/v2\/posts"}],"about":[{"href":"https:\/\/jugendpflege4.org\/index.php\/wp-json\/wp\/v2\/types\/post"}],"author":[{"embeddable":true,"href":"https:\/\/jugendpflege4.org\/index.php\/wp-json\/wp\/v2\/users\/3"}],"replies":[{"embeddable":true,"href":"https:\/\/jugendpflege4.org\/index.php\/wp-json\/wp\/v2\/comments?post=2541"}],"version-history":[{"count":2,"href":"https:\/\/jugendpflege4.org\/index.php\/wp-json\/wp\/v2\/posts\/2541\/revisions"}],"predecessor-version":[{"id":2549,"href":"https:\/\/jugendpflege4.org\/index.php\/wp-json\/wp\/v2\/posts\/2541\/revisions\/2549"}],"wp:featuredmedia":[{"embeddable":true,"href":"https:\/\/jugendpflege4.org\/index.php\/wp-json\/wp\/v2\/media\/2545"}],"wp:attachment":[{"href":"https:\/\/jugendpflege4.org\/index.php\/wp-json\/wp\/v2\/media?parent=2541"}],"wp:term":[{"taxonomy":"category","embeddable":true,"href":"https:\/\/jugendpflege4.org\/index.php\/wp-json\/wp\/v2\/categories?post=2541"},{"taxonomy":"post_tag","embeddable":true,"href":"https:\/\/jugendpflege4.org\/index.php\/wp-json\/wp\/v2\/tags?post=2541"}],"curies":[{"name":"wp","href":"https:\/\/api.w.org\/{rel}","templated":true}]}}