{"id":2552,"date":"2022-09-08T13:26:10","date_gmt":"2022-09-08T11:26:10","guid":{"rendered":"https:\/\/jugendpflege4.org\/?p=2552"},"modified":"2022-09-08T13:26:11","modified_gmt":"2022-09-08T11:26:11","slug":"die-letzte-ferienspielwoche-bringt-viel-natur-und-fantasie","status":"publish","type":"post","link":"https:\/\/jugendpflege4.org\/index.php\/2022\/09\/08\/die-letzte-ferienspielwoche-bringt-viel-natur-und-fantasie\/","title":{"rendered":"Die letzte Ferienspielwoche bringt viel Natur und Fantasie"},"content":{"rendered":"<p>Anfang der letzten Sommerferienwoche konnten die teilnehmenden Kinder den Bauernhof \u201eHof Buchwald\u201c besuchen. Es wurden F\u00e4rsen und Bullen gef\u00fcttert und gestreichelt und auch das Gehege der H\u00fchner wurde besucht. Gemeinsam wurde zum Mittagessen eine Gem\u00fcsesuppe \u00fcber dem Feuer aus frisch geernteten und selbst klein geschnittenen Gem\u00fcse gekocht. Zum Abschluss konnten die Kinder sich im Maislabyrinth ordentlich austoben.<\/p>\n<p>M\u00e4rchenhaft ging es bei der gro\u00dfen M\u00e4rchenshow zur Sache. Dabei hat Gruppe bekannte M\u00e4rchen f\u00fcr sich passend umgeschrieben und sie in Form eines Theaters gespielt. Ihrer Fantasie freien Lauf lassen konnten die Kinder zum Abschluss in der Gestaltung ihrer eigenen M\u00e4rchenfigur.<\/p>\n<p>Sportlich durch die Natur der Wetterau ging es am Ende der Woche. Mit den Radwanderfreunden Wetterau haben die teilnehmenden Kinder und Jugendlichen, bei \u201eSpa\u00df auf dem Rad\u201c zum warm werden, ihr K\u00f6nnen in einem Rad Parkour gezeigt. So ging es anschlie\u00dfend angepasst auf ihre Leistungen auf eine kleine oder eine gr\u00f6\u00dfere Tour \u00fcber Engelthal. Zum Abschluss gab es als Belohnung Streuselkuchen.<\/p>\n<p>Das waren die Sommerferienspiele 2022. Wir hoffen alle haben tolle Angebote besucht und hatten viel Spa\u00df. Wir freuen uns schon auf die Herbstferienwoche und wollen euch wieder sch\u00f6ne Angebote bieten.<\/p>\n<p>Eure Jugendpflege 4.0<\/p>\n<p>&nbsp;<\/p>\n<p><a href=\"https:\/\/jugendpflege4.org\/index.php\/2022\/09\/08\/die-letzte-ferienspielwoche-bringt-viel-natur-und-fantasie\/vom-acker-in-den-mund\/\" rel=\"attachment wp-att-2555\"><img loading=\"lazy\" decoding=\"async\" class=\"alignnone size-medium wp-image-2555\" src=\"https:\/\/jugendpflege4.org\/wp-content\/uploads\/2022\/09\/Vom-Acker-in-den-Mund-300x225.jpg\" alt=\"\" width=\"300\" height=\"225\" srcset=\"https:\/\/jugendpflege4.org\/wp-content\/uploads\/2022\/09\/Vom-Acker-in-den-Mund-200x150.jpg 200w, https:\/\/jugendpflege4.org\/wp-content\/uploads\/2022\/09\/Vom-Acker-in-den-Mund-300x225.jpg 300w, https:\/\/jugendpflege4.org\/wp-content\/uploads\/2022\/09\/Vom-Acker-in-den-Mund-400x300.jpg 400w, https:\/\/jugendpflege4.org\/wp-content\/uploads\/2022\/09\/Vom-Acker-in-den-Mund-600x450.jpg 600w, https:\/\/jugendpflege4.org\/wp-content\/uploads\/2022\/09\/Vom-Acker-in-den-Mund-768x576.jpg 768w, https:\/\/jugendpflege4.org\/wp-content\/uploads\/2022\/09\/Vom-Acker-in-den-Mund-800x600.jpg 800w, https:\/\/jugendpflege4.org\/wp-content\/uploads\/2022\/09\/Vom-Acker-in-den-Mund-1024x768.jpg 1024w, https:\/\/jugendpflege4.org\/wp-content\/uploads\/2022\/09\/Vom-Acker-in-den-Mund-1200x900.jpg 1200w, https:\/\/jugendpflege4.org\/wp-content\/uploads\/2022\/09\/Vom-Acker-in-den-Mund-1536x1152.jpg 1536w\" sizes=\"auto, (max-width: 300px) 100vw, 300px\" \/><\/a> <a href=\"https:\/\/jugendpflege4.org\/index.php\/2022\/09\/08\/die-letzte-ferienspielwoche-bringt-viel-natur-und-fantasie\/vom-acker-in-den-mund_1\/\" rel=\"attachment wp-att-2556\"><img loading=\"lazy\" decoding=\"async\" class=\"alignnone size-medium wp-image-2556\" src=\"https:\/\/jugendpflege4.org\/wp-content\/uploads\/2022\/09\/Vom-Acker-in-den-Mund_1-300x225.jpg\" alt=\"\" width=\"300\" height=\"225\" srcset=\"https:\/\/jugendpflege4.org\/wp-content\/uploads\/2022\/09\/Vom-Acker-in-den-Mund_1-200x150.jpg 200w, https:\/\/jugendpflege4.org\/wp-content\/uploads\/2022\/09\/Vom-Acker-in-den-Mund_1-300x225.jpg 300w, https:\/\/jugendpflege4.org\/wp-content\/uploads\/2022\/09\/Vom-Acker-in-den-Mund_1-400x300.jpg 400w, https:\/\/jugendpflege4.org\/wp-content\/uploads\/2022\/09\/Vom-Acker-in-den-Mund_1-600x450.jpg 600w, https:\/\/jugendpflege4.org\/wp-content\/uploads\/2022\/09\/Vom-Acker-in-den-Mund_1-768x576.jpg 768w, https:\/\/jugendpflege4.org\/wp-content\/uploads\/2022\/09\/Vom-Acker-in-den-Mund_1-800x600.jpg 800w, https:\/\/jugendpflege4.org\/wp-content\/uploads\/2022\/09\/Vom-Acker-in-den-Mund_1-1024x768.jpg 1024w, https:\/\/jugendpflege4.org\/wp-content\/uploads\/2022\/09\/Vom-Acker-in-den-Mund_1-1200x900.jpg 1200w, https:\/\/jugendpflege4.org\/wp-content\/uploads\/2022\/09\/Vom-Acker-in-den-Mund_1-1536x1152.jpg 1536w\" sizes=\"auto, (max-width: 300px) 100vw, 300px\" \/><\/a> <a href=\"https:\/\/jugendpflege4.org\/index.php\/2022\/09\/08\/die-letzte-ferienspielwoche-bringt-viel-natur-und-fantasie\/spass-auf-dem-rad\/\" rel=\"attachment wp-att-2553\"><img loading=\"lazy\" decoding=\"async\" class=\"alignnone size-medium wp-image-2553\" src=\"https:\/\/jugendpflege4.org\/wp-content\/uploads\/2022\/09\/Spass-auf-dem-Rad-300x225.jpg\" alt=\"\" width=\"300\" height=\"225\" srcset=\"https:\/\/jugendpflege4.org\/wp-content\/uploads\/2022\/09\/Spass-auf-dem-Rad-200x150.jpg 200w, https:\/\/jugendpflege4.org\/wp-content\/uploads\/2022\/09\/Spass-auf-dem-Rad-300x225.jpg 300w, https:\/\/jugendpflege4.org\/wp-content\/uploads\/2022\/09\/Spass-auf-dem-Rad-400x300.jpg 400w, https:\/\/jugendpflege4.org\/wp-content\/uploads\/2022\/09\/Spass-auf-dem-Rad-600x450.jpg 600w, https:\/\/jugendpflege4.org\/wp-content\/uploads\/2022\/09\/Spass-auf-dem-Rad-768x576.jpg 768w, https:\/\/jugendpflege4.org\/wp-content\/uploads\/2022\/09\/Spass-auf-dem-Rad-800x600.jpg 800w, https:\/\/jugendpflege4.org\/wp-content\/uploads\/2022\/09\/Spass-auf-dem-Rad-1024x768.jpg 1024w, https:\/\/jugendpflege4.org\/wp-content\/uploads\/2022\/09\/Spass-auf-dem-Rad-1200x900.jpg 1200w, https:\/\/jugendpflege4.org\/wp-content\/uploads\/2022\/09\/Spass-auf-dem-Rad-1536x1152.jpg 1536w\" sizes=\"auto, (max-width: 300px) 100vw, 300px\" \/><\/a> <a href=\"https:\/\/jugendpflege4.org\/index.php\/2022\/09\/08\/die-letzte-ferienspielwoche-bringt-viel-natur-und-fantasie\/spass-auf-dem-rad_1\/\" rel=\"attachment wp-att-2554\"><img loading=\"lazy\" decoding=\"async\" class=\"alignnone size-medium wp-image-2554\" src=\"https:\/\/jugendpflege4.org\/wp-content\/uploads\/2022\/09\/Spass-auf-dem-Rad_1-300x225.jpg\" alt=\"\" width=\"300\" height=\"225\" srcset=\"https:\/\/jugendpflege4.org\/wp-content\/uploads\/2022\/09\/Spass-auf-dem-Rad_1-200x150.jpg 200w, https:\/\/jugendpflege4.org\/wp-content\/uploads\/2022\/09\/Spass-auf-dem-Rad_1-300x225.jpg 300w, https:\/\/jugendpflege4.org\/wp-content\/uploads\/2022\/09\/Spass-auf-dem-Rad_1-400x300.jpg 400w, https:\/\/jugendpflege4.org\/wp-content\/uploads\/2022\/09\/Spass-auf-dem-Rad_1-600x450.jpg 600w, https:\/\/jugendpflege4.org\/wp-content\/uploads\/2022\/09\/Spass-auf-dem-Rad_1-768x576.jpg 768w, https:\/\/jugendpflege4.org\/wp-content\/uploads\/2022\/09\/Spass-auf-dem-Rad_1-800x600.jpg 800w, https:\/\/jugendpflege4.org\/wp-content\/uploads\/2022\/09\/Spass-auf-dem-Rad_1-1024x768.jpg 1024w, https:\/\/jugendpflege4.org\/wp-content\/uploads\/2022\/09\/Spass-auf-dem-Rad_1-1200x900.jpg 1200w, https:\/\/jugendpflege4.org\/wp-content\/uploads\/2022\/09\/Spass-auf-dem-Rad_1-1536x1152.jpg 1536w\" sizes=\"auto, (max-width: 300px) 100vw, 300px\" \/><\/a><\/p>\n","protected":false},"excerpt":{"rendered":"<p>Anfang der letzten Sommerferienwoche konnten die teilnehmenden Kinder den Bauernhof \u201eHof Buchwald\u201c besuchen. Es wurden F\u00e4rsen und Bullen gef\u00fcttert und gestreichelt und auch das Gehege der H\u00fchner wurde besucht. Gemeinsam wurde zum Mittagessen eine Gem\u00fcsesuppe \u00fcber dem Feuer aus frisch geernteten und selbst klein geschnittenen Gem\u00fcse gekocht. Zum Abschluss konnten die Kinder sich im Maislabyrinth [&hellip;]<\/p>\n","protected":false},"author":3,"featured_media":2555,"comment_status":"open","ping_status":"open","sticky":false,"template":"","format":"standard","meta":{"_bbp_topic_count":0,"_bbp_reply_count":0,"_bbp_total_topic_count":0,"_bbp_total_reply_count":0,"_bbp_voice_count":0,"_bbp_anonymous_reply_count":0,"_bbp_topic_count_hidden":0,"_bbp_reply_count_hidden":0,"_bbp_forum_subforum_count":0,"footnotes":""},"categories":[1],"tags":[],"class_list":["post-2552","post","type-post","status-publish","format-standard","has-post-thumbnail","hentry","category-allgemein"],"_links":{"self":[{"href":"https:\/\/jugendpflege4.org\/index.php\/wp-json\/wp\/v2\/posts\/2552","targetHints":{"allow":["GET"]}}],"collection":[{"href":"https:\/\/jugendpflege4.org\/index.php\/wp-json\/wp\/v2\/posts"}],"about":[{"href":"https:\/\/jugendpflege4.org\/index.php\/wp-json\/wp\/v2\/types\/post"}],"author":[{"embeddable":true,"href":"https:\/\/jugendpflege4.org\/index.php\/wp-json\/wp\/v2\/users\/3"}],"replies":[{"embeddable":true,"href":"https:\/\/jugendpflege4.org\/index.php\/wp-json\/wp\/v2\/comments?post=2552"}],"version-history":[{"count":2,"href":"https:\/\/jugendpflege4.org\/index.php\/wp-json\/wp\/v2\/posts\/2552\/revisions"}],"predecessor-version":[{"id":2558,"href":"https:\/\/jugendpflege4.org\/index.php\/wp-json\/wp\/v2\/posts\/2552\/revisions\/2558"}],"wp:featuredmedia":[{"embeddable":true,"href":"https:\/\/jugendpflege4.org\/index.php\/wp-json\/wp\/v2\/media\/2555"}],"wp:attachment":[{"href":"https:\/\/jugendpflege4.org\/index.php\/wp-json\/wp\/v2\/media?parent=2552"}],"wp:term":[{"taxonomy":"category","embeddable":true,"href":"https:\/\/jugendpflege4.org\/index.php\/wp-json\/wp\/v2\/categories?post=2552"},{"taxonomy":"post_tag","embeddable":true,"href":"https:\/\/jugendpflege4.org\/index.php\/wp-json\/wp\/v2\/tags?post=2552"}],"curies":[{"name":"wp","href":"https:\/\/api.w.org\/{rel}","templated":true}]}}