{"id":2560,"date":"2022-09-28T12:21:19","date_gmt":"2022-09-28T10:21:19","guid":{"rendered":"https:\/\/jugendpflege4.org\/?p=2560"},"modified":"2022-09-28T12:21:21","modified_gmt":"2022-09-28T10:21:21","slug":"klimax-tanztheater-in-florstadt-eintritt-frei","status":"publish","type":"post","link":"https:\/\/jugendpflege4.org\/index.php\/2022\/09\/28\/klimax-tanztheater-in-florstadt-eintritt-frei\/","title":{"rendered":"KlimaX &#8211; Tanztheater in Florstadt &#8211; Eintritt frei!"},"content":{"rendered":"<p><a href=\"https:\/\/jugendpflege4.org\/index.php\/2022\/09\/28\/klimax-tanztheater-in-florstadt-eintritt-frei\/klima_x_poster_florstadt_2022\/\" rel=\"attachment wp-att-2561\"><img loading=\"lazy\" decoding=\"async\" class=\"alignnone wp-image-2561 size-large\" src=\"https:\/\/jugendpflege4.org\/wp-content\/uploads\/2022\/09\/Klima_X_Poster_Florstadt_2022-1024x714.jpg\" alt=\"\" width=\"1024\" height=\"714\" srcset=\"https:\/\/jugendpflege4.org\/wp-content\/uploads\/2022\/09\/Klima_X_Poster_Florstadt_2022-200x139.jpg 200w, https:\/\/jugendpflege4.org\/wp-content\/uploads\/2022\/09\/Klima_X_Poster_Florstadt_2022-300x209.jpg 300w, https:\/\/jugendpflege4.org\/wp-content\/uploads\/2022\/09\/Klima_X_Poster_Florstadt_2022-400x279.jpg 400w, https:\/\/jugendpflege4.org\/wp-content\/uploads\/2022\/09\/Klima_X_Poster_Florstadt_2022-600x418.jpg 600w, https:\/\/jugendpflege4.org\/wp-content\/uploads\/2022\/09\/Klima_X_Poster_Florstadt_2022-768x535.jpg 768w, https:\/\/jugendpflege4.org\/wp-content\/uploads\/2022\/09\/Klima_X_Poster_Florstadt_2022-800x558.jpg 800w, https:\/\/jugendpflege4.org\/wp-content\/uploads\/2022\/09\/Klima_X_Poster_Florstadt_2022-1024x714.jpg 1024w, https:\/\/jugendpflege4.org\/wp-content\/uploads\/2022\/09\/Klima_X_Poster_Florstadt_2022-1200x837.jpg 1200w, https:\/\/jugendpflege4.org\/wp-content\/uploads\/2022\/09\/Klima_X_Poster_Florstadt_2022-1536x1071.jpg 1536w\" sizes=\"auto, (max-width: 1024px) 100vw, 1024px\" \/><\/a><\/p>\n<p>&nbsp;<\/p>\n<p>Die Theatergruppe antagon ist wieder auf Tour durch Hessen und macht nun auch bei uns in Florstadt Halt. Frei zug\u00e4nglich, Open-Air und kostenlos spielen sie \u201eKlima X\u201c, ein Tanztheater-St\u00fcck ohne Sprache, daf\u00fcr mit Livemusik von der antagon-Band.<\/p>\n<p>Trailer zum St\u00fcck: <a href=\"https:\/\/vimeo.com\/636400610\">https:\/\/vimeo.com\/636400610 <\/a><\/p>\n<p>Datum: Dienstag, 04.10.2022<br \/>\nUhrzeit: 18:30-19:30<br \/>\nAdresse: Florstadt Messeplatz (Willy-Brandt-Stra\u00dfe 12)<br \/>\nParkpl\u00e4tze: Bitte selbst in der Umgebung finden<br \/>\nK\u00fcnstlerische Leitung: Bernhard Bub<br \/>\nDauer: ca. 60 Minuten<br \/>\nSprache: Kein Text.<br \/>\nAltersempfehlung: Geeignet ab etwa 6 Jahren<br \/>\nBesetzung: Zehn Schauspieler*innen, drei Musiker.<\/p>\n<p>Pr\u00e4sentiert vom Frankfurter Kulturverein protagon e.V. und der Jugendpflege 4.0 der Kommunen Florstadt, Reichelsheim, Echzell und W\u00f6lfersheim.<\/p>\n<p>Zum St\u00fcck: Wie wollen wir leben? Wie wollen wir unseren gemeinsamen Raum gestalten, die Stra\u00dfen, Pl\u00e4tze und Felder, auf denen wir unser Leben gr\u00fcnden, die uns tragen und ern\u00e4hren? In Zeiten von Krise, Krieg und Zusammenbruch stellen sich diese Fragen dringender denn je. \u201eKlima X\u201c nimmt das Publikum mit auf eine szenische Reise durch universelle Bilder vom Fallen, Aufstehen, und Wachsen und geht auf die Suche nach der Hoffnung, nach den Rissen im Asphalt und den Stimmen von den R\u00e4ndern, die uns schon heute Puzzlest\u00fccke eines besseren Morgens erahnen lassen. In einem Zusammenspiel von physischen Theaterelementen, zeitgen\u00f6ssischem Tanz und in Bandbesetzung gespielter Livemusik bringt \u201eKlima X\u201c Themen wie Klimakatastrophe und Kolonialismus vom Abstrakten ins Konkrete, sodass ein Raum der gemeinsamen Auseinandersetzung und wahrhaftigen Begegnung geschaffen wird.<\/p>\n","protected":false},"excerpt":{"rendered":"<p>&nbsp; Die Theatergruppe antagon ist wieder auf Tour durch Hessen und macht nun auch bei uns in Florstadt Halt. Frei zug\u00e4nglich, Open-Air und kostenlos spielen sie \u201eKlima X\u201c, ein Tanztheater-St\u00fcck ohne Sprache, daf\u00fcr mit Livemusik von der antagon-Band. Trailer zum St\u00fcck: https:\/\/vimeo.com\/636400610 Datum: Dienstag, 04.10.2022 Uhrzeit: 18:30-19:30 Adresse: Florstadt Messeplatz (Willy-Brandt-Stra\u00dfe 12) Parkpl\u00e4tze: Bitte selbst [&hellip;]<\/p>\n","protected":false},"author":3,"featured_media":2561,"comment_status":"open","ping_status":"open","sticky":false,"template":"","format":"standard","meta":{"_bbp_topic_count":0,"_bbp_reply_count":0,"_bbp_total_topic_count":0,"_bbp_total_reply_count":0,"_bbp_voice_count":0,"_bbp_anonymous_reply_count":0,"_bbp_topic_count_hidden":0,"_bbp_reply_count_hidden":0,"_bbp_forum_subforum_count":0,"footnotes":""},"categories":[1],"tags":[],"class_list":["post-2560","post","type-post","status-publish","format-standard","has-post-thumbnail","hentry","category-allgemein"],"_links":{"self":[{"href":"https:\/\/jugendpflege4.org\/index.php\/wp-json\/wp\/v2\/posts\/2560","targetHints":{"allow":["GET"]}}],"collection":[{"href":"https:\/\/jugendpflege4.org\/index.php\/wp-json\/wp\/v2\/posts"}],"about":[{"href":"https:\/\/jugendpflege4.org\/index.php\/wp-json\/wp\/v2\/types\/post"}],"author":[{"embeddable":true,"href":"https:\/\/jugendpflege4.org\/index.php\/wp-json\/wp\/v2\/users\/3"}],"replies":[{"embeddable":true,"href":"https:\/\/jugendpflege4.org\/index.php\/wp-json\/wp\/v2\/comments?post=2560"}],"version-history":[{"count":2,"href":"https:\/\/jugendpflege4.org\/index.php\/wp-json\/wp\/v2\/posts\/2560\/revisions"}],"predecessor-version":[{"id":2563,"href":"https:\/\/jugendpflege4.org\/index.php\/wp-json\/wp\/v2\/posts\/2560\/revisions\/2563"}],"wp:featuredmedia":[{"embeddable":true,"href":"https:\/\/jugendpflege4.org\/index.php\/wp-json\/wp\/v2\/media\/2561"}],"wp:attachment":[{"href":"https:\/\/jugendpflege4.org\/index.php\/wp-json\/wp\/v2\/media?parent=2560"}],"wp:term":[{"taxonomy":"category","embeddable":true,"href":"https:\/\/jugendpflege4.org\/index.php\/wp-json\/wp\/v2\/categories?post=2560"},{"taxonomy":"post_tag","embeddable":true,"href":"https:\/\/jugendpflege4.org\/index.php\/wp-json\/wp\/v2\/tags?post=2560"}],"curies":[{"name":"wp","href":"https:\/\/api.w.org\/{rel}","templated":true}]}}