{"id":2781,"date":"2023-09-06T10:13:54","date_gmt":"2023-09-06T08:13:54","guid":{"rendered":"https:\/\/jugendpflege4.org\/?p=2781"},"modified":"2023-09-06T10:13:54","modified_gmt":"2023-09-06T08:13:54","slug":"stoppt-die-muellflut","status":"publish","type":"post","link":"https:\/\/jugendpflege4.org\/index.php\/2023\/09\/06\/stoppt-die-muellflut\/","title":{"rendered":"Stoppt die M\u00fcllflut!"},"content":{"rendered":"<p>In den Sommerferien haben 15 umweltbewusste Kids am Projekt \u201eStoppt die M\u00fcllflut!\u201c der Jugendpflege 4.0 der Kommunen Florstadt, Reichelsheim, Echzell und W\u00f6lfersheim teilgenommen und dabei nachhaltige und kreative Kunstwerke aus in Echzell gesammeltem M\u00fcll geschaffen.<br \/>\nAm ersten Tag zogen wir mit Bollerwagen, M\u00fcllzangen und Handschuhen los, um den M\u00fcll am Wegesrand in Echzell aufzusammeln. Auf unserem Weg durch die Gemeinde ist einiges an Plastik-, Glas- und Metallm\u00fcll zusammengekommen. Aus Flaschen, Dosen, Beh\u00e4ltern, Strohhalmen, Deckeln und vielen anderen Hinterlassenschaften im Stra\u00dfengraben wurden dann im Laufe des n\u00e4chsten Tages bunte einzigartige Skulpturen. Kreative Unterst\u00fctzung bekamen wir dabei von der K\u00fcnstlerin Cosima Hartlich. Mit ihrer Hilfe wurde der M\u00fcll mit Werkzeug, Hei\u00dfklebepistole und Farben schlie\u00dflich zu Kunst.<\/p>\n<p>Der letzte Projekttag wurde genutzt, um eine Holzplatte mit dem Aufruf \u201eStoppt die M\u00fcllflut!\u201c farbenfroh zu gestalten. Nachdem mit Pinseln gemalt, gespritzt und verstrichen wurde, hinterlie\u00dfen noch alle K\u00fcnstler*innen ihren Handaufdruck auf der Platte. Schlie\u00dflich wurde am Ende mit Hammer, Nagel und Tackerpistole der restliche gesammelte M\u00fcll, als Buchstaben gelegt, befestigt.<\/p>\n<p>Das gemeinsame gro\u00dfe Kunstwerk mit dem Aufruf ans Bewusstsein aller, ihre Umwelt zu sch\u00fctzen, wurde nun letzten Donnerstag vor den Toren Echzells vom Bauhof der Gemeinde Echzell aufgestellt und mit dem B\u00fcrgermeister Herr Mogk eingeweiht. Dort kann es noch einige Wochen an der Hauptstra\u00dfe in der H\u00f6he des Friedhofs bewundert werden.<\/p>\n","protected":false},"excerpt":{"rendered":"<p>In den Sommerferien haben 15 umweltbewusste Kids am Projekt \u201eStoppt die M\u00fcllflut!\u201c der Jugendpflege 4.0 der Kommunen Florstadt, Reichelsheim, Echzell und W\u00f6lfersheim teilgenommen und dabei nachhaltige und kreative Kunstwerke aus in Echzell gesammeltem M\u00fcll geschaffen. Am ersten Tag zogen wir mit Bollerwagen, M\u00fcllzangen und Handschuhen los, um den M\u00fcll am Wegesrand in Echzell aufzusammeln. Auf [&hellip;]<\/p>\n","protected":false},"author":2,"featured_media":2782,"comment_status":"open","ping_status":"open","sticky":false,"template":"","format":"standard","meta":{"_bbp_topic_count":0,"_bbp_reply_count":0,"_bbp_total_topic_count":0,"_bbp_total_reply_count":0,"_bbp_voice_count":0,"_bbp_anonymous_reply_count":0,"_bbp_topic_count_hidden":0,"_bbp_reply_count_hidden":0,"_bbp_forum_subforum_count":0,"footnotes":""},"categories":[1],"tags":[],"class_list":["post-2781","post","type-post","status-publish","format-standard","has-post-thumbnail","hentry","category-allgemein"],"_links":{"self":[{"href":"https:\/\/jugendpflege4.org\/index.php\/wp-json\/wp\/v2\/posts\/2781","targetHints":{"allow":["GET"]}}],"collection":[{"href":"https:\/\/jugendpflege4.org\/index.php\/wp-json\/wp\/v2\/posts"}],"about":[{"href":"https:\/\/jugendpflege4.org\/index.php\/wp-json\/wp\/v2\/types\/post"}],"author":[{"embeddable":true,"href":"https:\/\/jugendpflege4.org\/index.php\/wp-json\/wp\/v2\/users\/2"}],"replies":[{"embeddable":true,"href":"https:\/\/jugendpflege4.org\/index.php\/wp-json\/wp\/v2\/comments?post=2781"}],"version-history":[{"count":1,"href":"https:\/\/jugendpflege4.org\/index.php\/wp-json\/wp\/v2\/posts\/2781\/revisions"}],"predecessor-version":[{"id":2783,"href":"https:\/\/jugendpflege4.org\/index.php\/wp-json\/wp\/v2\/posts\/2781\/revisions\/2783"}],"wp:featuredmedia":[{"embeddable":true,"href":"https:\/\/jugendpflege4.org\/index.php\/wp-json\/wp\/v2\/media\/2782"}],"wp:attachment":[{"href":"https:\/\/jugendpflege4.org\/index.php\/wp-json\/wp\/v2\/media?parent=2781"}],"wp:term":[{"taxonomy":"category","embeddable":true,"href":"https:\/\/jugendpflege4.org\/index.php\/wp-json\/wp\/v2\/categories?post=2781"},{"taxonomy":"post_tag","embeddable":true,"href":"https:\/\/jugendpflege4.org\/index.php\/wp-json\/wp\/v2\/tags?post=2781"}],"curies":[{"name":"wp","href":"https:\/\/api.w.org\/{rel}","templated":true}]}}