{"id":2976,"date":"2024-07-01T11:24:20","date_gmt":"2024-07-01T09:24:20","guid":{"rendered":"https:\/\/jugendpflege4.org\/?p=2976"},"modified":"2024-07-01T11:24:20","modified_gmt":"2024-07-01T09:24:20","slug":"tschuess-liebe-isa","status":"publish","type":"post","link":"https:\/\/jugendpflege4.org\/index.php\/2024\/07\/01\/tschuess-liebe-isa\/","title":{"rendered":"Tsch\u00fcss liebe Isa!"},"content":{"rendered":"<p>Schweren Herzens haben wir Isabel am letzten Freitag aus unserem Team verabschiedet.<\/p>\n<p>Danke f\u00fcr die vielen wunderbaren Jahre mit dir!<\/p>\n<p>Wir w\u00fcnschen dir viel Erfolg im Weckesheimer Kindergarten und hoffen, dass wir uns regelm\u00e4\u00dfig wiedersehen.<\/p>\n<p>Auf jeden Fall wird Isa uns hin und wieder bei der Durchf\u00fchrung der Ferienspiele unterst\u00fctzen.<\/p>\n<p>Wir freuen uns auf dich!<\/p>\n","protected":false},"excerpt":{"rendered":"<p>Schweren Herzens haben wir Isabel am letzten Freitag aus unserem Team verabschiedet. Danke f\u00fcr die vielen wunderbaren Jahre mit dir! Wir w\u00fcnschen dir viel Erfolg im Weckesheimer Kindergarten und hoffen, dass wir uns regelm\u00e4\u00dfig wiedersehen. Auf jeden Fall wird Isa uns hin und wieder bei der Durchf\u00fchrung der Ferienspiele unterst\u00fctzen. Wir freuen uns auf dich!<\/p>\n","protected":false},"author":2,"featured_media":2750,"comment_status":"open","ping_status":"open","sticky":false,"template":"","format":"standard","meta":{"_bbp_topic_count":0,"_bbp_reply_count":0,"_bbp_total_topic_count":0,"_bbp_total_reply_count":0,"_bbp_voice_count":0,"_bbp_anonymous_reply_count":0,"_bbp_topic_count_hidden":0,"_bbp_reply_count_hidden":0,"_bbp_forum_subforum_count":0,"footnotes":""},"categories":[1],"tags":[],"class_list":["post-2976","post","type-post","status-publish","format-standard","has-post-thumbnail","hentry","category-allgemein"],"_links":{"self":[{"href":"https:\/\/jugendpflege4.org\/index.php\/wp-json\/wp\/v2\/posts\/2976","targetHints":{"allow":["GET"]}}],"collection":[{"href":"https:\/\/jugendpflege4.org\/index.php\/wp-json\/wp\/v2\/posts"}],"about":[{"href":"https:\/\/jugendpflege4.org\/index.php\/wp-json\/wp\/v2\/types\/post"}],"author":[{"embeddable":true,"href":"https:\/\/jugendpflege4.org\/index.php\/wp-json\/wp\/v2\/users\/2"}],"replies":[{"embeddable":true,"href":"https:\/\/jugendpflege4.org\/index.php\/wp-json\/wp\/v2\/comments?post=2976"}],"version-history":[{"count":1,"href":"https:\/\/jugendpflege4.org\/index.php\/wp-json\/wp\/v2\/posts\/2976\/revisions"}],"predecessor-version":[{"id":2977,"href":"https:\/\/jugendpflege4.org\/index.php\/wp-json\/wp\/v2\/posts\/2976\/revisions\/2977"}],"wp:featuredmedia":[{"embeddable":true,"href":"https:\/\/jugendpflege4.org\/index.php\/wp-json\/wp\/v2\/media\/2750"}],"wp:attachment":[{"href":"https:\/\/jugendpflege4.org\/index.php\/wp-json\/wp\/v2\/media?parent=2976"}],"wp:term":[{"taxonomy":"category","embeddable":true,"href":"https:\/\/jugendpflege4.org\/index.php\/wp-json\/wp\/v2\/categories?post=2976"},{"taxonomy":"post_tag","embeddable":true,"href":"https:\/\/jugendpflege4.org\/index.php\/wp-json\/wp\/v2\/tags?post=2976"}],"curies":[{"name":"wp","href":"https:\/\/api.w.org\/{rel}","templated":true}]}}