{"id":3083,"date":"2024-11-26T12:15:03","date_gmt":"2024-11-26T11:15:03","guid":{"rendered":"https:\/\/jugendpflege4.org\/?p=3083"},"modified":"2024-11-26T12:15:03","modified_gmt":"2024-11-26T11:15:03","slug":"naechtliche-abenteuer-in-der-buecherei-echzell","status":"publish","type":"post","link":"https:\/\/jugendpflege4.org\/index.php\/2024\/11\/26\/naechtliche-abenteuer-in-der-buecherei-echzell\/","title":{"rendered":"N\u00e4chtliche Abenteuer in der B\u00fccherei Echzell"},"content":{"rendered":"<p>Was passiert, wenn Teddyb\u00e4ren, Meerschweinchen, Drachen, Einh\u00f6rner und andere Kuscheltiere nachts alleine in der B\u00fccherei sind? Sie feiern eine \u00dcbernachtungsparty und stellen alles gr\u00fcndlich auf den Kopf \u2013 in Echzell nun bereits schon zum zweiten Mal.<\/p>\n<p>An einem herbstlichen Freitagabend im November trafen die Stofftiere zusammen mit ihren Kindern in der Gemeindeb\u00fccherei ein. Zuerst lauschten alle der von Mitorganisatorin Petra St\u00f6ppler vorgelesenen Gutenachtgeschichte \u00fcber einen geheimnisvollen B\u00fccherdieb. Dann richteten die jungen Kuscheltiereltern f\u00fcr ihre Lieblinge gem\u00fctliche Schlafpl\u00e4tze zwischen den B\u00fccherregalen ein.<\/p>\n<p>Als die Kinder nach Hause gegangen waren, begann das Abenteuer. Anstatt zu schlafen, rutschten die Tiere das Treppengel\u00e4nder herunter, machten Yoga\u00fcbungen, kochten festliche Men\u00fcs in der Cafeteria, schaukelten in der H\u00e4ngematte und h\u00f6rten CDs und Tonies.<\/p>\n<p>Ein Krebs und ein Panda vertieften sich in B\u00fccher \u00fcber ihre Artgenossen, ein Eichh\u00f6rnchen las das M\u00e4rchen vom Nussknacker und Fuchs, Biber und Hase erlebten ein Kamishibai-Theater der besonderen Art.<\/p>\n<p>Andere Tiere eroberten zwischenzeitlich die Ausleihtheke, durchforsteten den Online-Katalog und bedienten den Kopierer, an dem viele lustige Selfies in schwarz-wei\u00df von Affe, Elefant und Co. entstanden.<\/p>\n<p>Das Treiben blieb allerdings nicht unbemerkt, denn Tatjana Sch\u00f6ngen von der Jugendpflege war mit ihrer Kamera vor Ort und dokumentierte s\u00e4mtliche Abenteuer f\u00fcr die Nachwelt.<\/p>\n<p>Am n\u00e4chsten Morgen konnten die Kinder ihre pl\u00fcschigen Freunde bei B\u00fcchereileiterin Felicitas Wahl wieder abholen mitsamt vieler Erinnerungsfotos und einer s\u00fc\u00dfen \u00dcberraschung \u2013 die Kuscheltiere hatten n\u00e4mlich zu guter Letzt auch noch den Gummib\u00e4rchenvorrat der B\u00fccherei entdeckt und gepl\u00fcndert.<\/p>\n<p>Alle waren sich einig: Das war eine \u00e4u\u00dferst gelungene Veranstaltung!<\/p>\n<p>Erste Pl\u00e4ne f\u00fcr n\u00e4chstes Jahr wurden bereits geschmiedet, so wird die dritte Kuscheltier\u00fcbernachtungsparty in der Gemeindeb\u00fccherei Echzell voraussichtlich als Mottoparty stattfinden.<\/p>\n<p>Herzlichen Dank an alle Beteiligten, besonders an die Gemeindeb\u00fccherei Echzell f\u00fcr das Ausrichten dieser wunderbaren Nacht.<\/p>\n","protected":false},"excerpt":{"rendered":"<p>Was passiert, wenn Teddyb\u00e4ren, Meerschweinchen, Drachen, Einh\u00f6rner und andere Kuscheltiere nachts alleine in der B\u00fccherei sind? Sie feiern eine \u00dcbernachtungsparty und stellen alles gr\u00fcndlich auf den Kopf \u2013 in Echzell nun bereits schon zum zweiten Mal. An einem herbstlichen Freitagabend im November trafen die Stofftiere zusammen mit ihren Kindern in der Gemeindeb\u00fccherei ein. Zuerst lauschten [&hellip;]<\/p>\n","protected":false},"author":2,"featured_media":3085,"comment_status":"open","ping_status":"open","sticky":false,"template":"","format":"standard","meta":{"_bbp_topic_count":0,"_bbp_reply_count":0,"_bbp_total_topic_count":0,"_bbp_total_reply_count":0,"_bbp_voice_count":0,"_bbp_anonymous_reply_count":0,"_bbp_topic_count_hidden":0,"_bbp_reply_count_hidden":0,"_bbp_forum_subforum_count":0,"footnotes":""},"categories":[1],"tags":[],"class_list":["post-3083","post","type-post","status-publish","format-standard","has-post-thumbnail","hentry","category-allgemein"],"_links":{"self":[{"href":"https:\/\/jugendpflege4.org\/index.php\/wp-json\/wp\/v2\/posts\/3083","targetHints":{"allow":["GET"]}}],"collection":[{"href":"https:\/\/jugendpflege4.org\/index.php\/wp-json\/wp\/v2\/posts"}],"about":[{"href":"https:\/\/jugendpflege4.org\/index.php\/wp-json\/wp\/v2\/types\/post"}],"author":[{"embeddable":true,"href":"https:\/\/jugendpflege4.org\/index.php\/wp-json\/wp\/v2\/users\/2"}],"replies":[{"embeddable":true,"href":"https:\/\/jugendpflege4.org\/index.php\/wp-json\/wp\/v2\/comments?post=3083"}],"version-history":[{"count":1,"href":"https:\/\/jugendpflege4.org\/index.php\/wp-json\/wp\/v2\/posts\/3083\/revisions"}],"predecessor-version":[{"id":3084,"href":"https:\/\/jugendpflege4.org\/index.php\/wp-json\/wp\/v2\/posts\/3083\/revisions\/3084"}],"wp:featuredmedia":[{"embeddable":true,"href":"https:\/\/jugendpflege4.org\/index.php\/wp-json\/wp\/v2\/media\/3085"}],"wp:attachment":[{"href":"https:\/\/jugendpflege4.org\/index.php\/wp-json\/wp\/v2\/media?parent=3083"}],"wp:term":[{"taxonomy":"category","embeddable":true,"href":"https:\/\/jugendpflege4.org\/index.php\/wp-json\/wp\/v2\/categories?post=3083"},{"taxonomy":"post_tag","embeddable":true,"href":"https:\/\/jugendpflege4.org\/index.php\/wp-json\/wp\/v2\/tags?post=3083"}],"curies":[{"name":"wp","href":"https:\/\/api.w.org\/{rel}","templated":true}]}}