{"id":3094,"date":"2025-01-21T10:46:15","date_gmt":"2025-01-21T09:46:15","guid":{"rendered":"https:\/\/jugendpflege4.org\/?p=3094"},"modified":"2025-01-21T10:54:07","modified_gmt":"2025-01-21T09:54:07","slug":"neueroeffnung-jugendraeume","status":"publish","type":"post","link":"https:\/\/jugendpflege4.org\/index.php\/2025\/01\/21\/neueroeffnung-jugendraeume\/","title":{"rendered":"Neuer\u00f6ffnung Jugendr\u00e4ume!"},"content":{"rendered":"<div class=\"fusion-fullwidth fullwidth-box nonhundred-percent-fullwidth non-hundred-percent-height-scrolling\"  style='background-color: rgba(255,255,255,0);background-position: center center;background-repeat: no-repeat;padding-top:0px;padding-right:0px;padding-bottom:0px;padding-left:0px;'><div class=\"fusion-builder-row fusion-row \"><div  class=\"fusion-layout-column fusion_builder_column fusion_builder_column_1_1 fusion-builder-column-1 fusion-one-full fusion-column-first fusion-column-last 1_1\"  style='margin-top:0px;margin-bottom:0px;'>\n\t\t\t\t\t<div class=\"fusion-column-wrapper\" style=\"padding: 0px 0px 0px 0px;background-position:left top;background-repeat:no-repeat;-webkit-background-size:cover;-moz-background-size:cover;-o-background-size:cover;background-size:cover;\"   data-bg-url=\"\">\n\t\t\t\t\t\t<div class=\"fusion-text\"><p>Mit dem neuen Jahr gibt es auch erweiterte Jugendraum\u00f6ffnungszeiten und in manchen Orten sogar ganz und gar Neuer\u00f6ffnungen!<\/p>\n<p>In Echzell geht ab morgen, den 22. Januar eine zweite \u00d6ffnungszeit an den Start. Wir sind nun immer mittwochs <strong>und<\/strong> freitags f\u00fcr euch da! :)<\/p>\n<p>Au\u00dferdem startet schon heute der neue Jugendtreff in Beienheim. Zun\u00e4chst f\u00fcr die J\u00fcngeren von 15-17 Uhr und anschlie\u00dfend f\u00fcr die Jugendlichen ab 13 Jahren von 17-19 Uhr.<\/p>\n<p>Hier ist Jessy eure Ansprechpartnerin. Sie hat viele tolle Ideen, was alles im neuen Treff stattfinden kann, aber nat\u00fcrlich ist auch eure Meinung gefragt! Was wollt ihr?? Schaut vorbei und lasst es uns wissen.<\/p>\n<p>\u00a0<\/p>\n<p>Ein weiterer Treff in Berstadt ist in Arbeit. Wir hoffen, dass auch dieser sehr bald an den Start gehen kann.<\/p>\n<p>Wir sehen uns :)<\/p>\n<\/div><div class=\"fusion-clearfix\"><\/div>\n\n\t\t\t\t\t<\/div>\n\t\t\t\t<\/div><\/div><\/div>\n","protected":false},"excerpt":{"rendered":"","protected":false},"author":2,"featured_media":3096,"comment_status":"open","ping_status":"open","sticky":false,"template":"","format":"standard","meta":{"_bbp_topic_count":0,"_bbp_reply_count":0,"_bbp_total_topic_count":0,"_bbp_total_reply_count":0,"_bbp_voice_count":0,"_bbp_anonymous_reply_count":0,"_bbp_topic_count_hidden":0,"_bbp_reply_count_hidden":0,"_bbp_forum_subforum_count":0,"footnotes":""},"categories":[1],"tags":[],"class_list":["post-3094","post","type-post","status-publish","format-standard","has-post-thumbnail","hentry","category-allgemein"],"_links":{"self":[{"href":"https:\/\/jugendpflege4.org\/index.php\/wp-json\/wp\/v2\/posts\/3094","targetHints":{"allow":["GET"]}}],"collection":[{"href":"https:\/\/jugendpflege4.org\/index.php\/wp-json\/wp\/v2\/posts"}],"about":[{"href":"https:\/\/jugendpflege4.org\/index.php\/wp-json\/wp\/v2\/types\/post"}],"author":[{"embeddable":true,"href":"https:\/\/jugendpflege4.org\/index.php\/wp-json\/wp\/v2\/users\/2"}],"replies":[{"embeddable":true,"href":"https:\/\/jugendpflege4.org\/index.php\/wp-json\/wp\/v2\/comments?post=3094"}],"version-history":[{"count":2,"href":"https:\/\/jugendpflege4.org\/index.php\/wp-json\/wp\/v2\/posts\/3094\/revisions"}],"predecessor-version":[{"id":3103,"href":"https:\/\/jugendpflege4.org\/index.php\/wp-json\/wp\/v2\/posts\/3094\/revisions\/3103"}],"wp:featuredmedia":[{"embeddable":true,"href":"https:\/\/jugendpflege4.org\/index.php\/wp-json\/wp\/v2\/media\/3096"}],"wp:attachment":[{"href":"https:\/\/jugendpflege4.org\/index.php\/wp-json\/wp\/v2\/media?parent=3094"}],"wp:term":[{"taxonomy":"category","embeddable":true,"href":"https:\/\/jugendpflege4.org\/index.php\/wp-json\/wp\/v2\/categories?post=3094"},{"taxonomy":"post_tag","embeddable":true,"href":"https:\/\/jugendpflege4.org\/index.php\/wp-json\/wp\/v2\/tags?post=3094"}],"curies":[{"name":"wp","href":"https:\/\/api.w.org\/{rel}","templated":true}]}}