{"id":3149,"date":"2025-02-28T11:12:38","date_gmt":"2025-02-28T10:12:38","guid":{"rendered":"https:\/\/jugendpflege4.org\/?p=3149"},"modified":"2025-02-28T11:12:38","modified_gmt":"2025-02-28T10:12:38","slug":"sommerfreizeit-an-die-nordsee","status":"publish","type":"post","link":"https:\/\/jugendpflege4.org\/index.php\/2025\/02\/28\/sommerfreizeit-an-die-nordsee\/","title":{"rendered":"Sommerfreizeit an die Nordsee!"},"content":{"rendered":"<p>In diesem Jahr wird es eine Zeltfreizeit in Otterndorf geben.<\/p>\n<p>Wir fahren mit den Jugendpflegebussen und kommen in sehr gut ausgestatteten Zelten unter. Diese sind mit Holzboden und Matratzen ausgestattet. Auch das Camp selbst hat viel zu bieten. Es gibt diverse M\u00f6glichkeiten sich im k\u00fchlen Nass zu bewegen, eine Reitanlage, verschiedene Handwerks-Kurse und einen Minigolf-Platz, den wir nutzen k\u00f6nnen.<\/p>\n<p>Du bist zwischen 9 und 17 Jahren und hast Bock auf f\u00fcnf Tage in Meern\u00e4he und einfach mal rauskommen?<\/p>\n<p>Dann nutze die Gelegenheit und melde dich jetzt an!<\/p>\n<p>Wir freuen uns auf Dich :)<\/p>\n","protected":false},"excerpt":{"rendered":"<p>In diesem Jahr wird es eine Zeltfreizeit in Otterndorf geben. Wir fahren mit den Jugendpflegebussen und kommen in sehr gut ausgestatteten Zelten unter. Diese sind mit Holzboden und Matratzen ausgestattet. Auch das Camp selbst hat viel zu bieten. Es gibt diverse M\u00f6glichkeiten sich im k\u00fchlen Nass zu bewegen, eine Reitanlage, verschiedene Handwerks-Kurse und einen Minigolf-Platz, [&hellip;]<\/p>\n","protected":false},"author":2,"featured_media":3150,"comment_status":"open","ping_status":"open","sticky":false,"template":"","format":"standard","meta":{"_bbp_topic_count":0,"_bbp_reply_count":0,"_bbp_total_topic_count":0,"_bbp_total_reply_count":0,"_bbp_voice_count":0,"_bbp_anonymous_reply_count":0,"_bbp_topic_count_hidden":0,"_bbp_reply_count_hidden":0,"_bbp_forum_subforum_count":0,"footnotes":""},"categories":[1],"tags":[],"class_list":["post-3149","post","type-post","status-publish","format-standard","has-post-thumbnail","hentry","category-allgemein"],"_links":{"self":[{"href":"https:\/\/jugendpflege4.org\/index.php\/wp-json\/wp\/v2\/posts\/3149","targetHints":{"allow":["GET"]}}],"collection":[{"href":"https:\/\/jugendpflege4.org\/index.php\/wp-json\/wp\/v2\/posts"}],"about":[{"href":"https:\/\/jugendpflege4.org\/index.php\/wp-json\/wp\/v2\/types\/post"}],"author":[{"embeddable":true,"href":"https:\/\/jugendpflege4.org\/index.php\/wp-json\/wp\/v2\/users\/2"}],"replies":[{"embeddable":true,"href":"https:\/\/jugendpflege4.org\/index.php\/wp-json\/wp\/v2\/comments?post=3149"}],"version-history":[{"count":1,"href":"https:\/\/jugendpflege4.org\/index.php\/wp-json\/wp\/v2\/posts\/3149\/revisions"}],"predecessor-version":[{"id":3151,"href":"https:\/\/jugendpflege4.org\/index.php\/wp-json\/wp\/v2\/posts\/3149\/revisions\/3151"}],"wp:featuredmedia":[{"embeddable":true,"href":"https:\/\/jugendpflege4.org\/index.php\/wp-json\/wp\/v2\/media\/3150"}],"wp:attachment":[{"href":"https:\/\/jugendpflege4.org\/index.php\/wp-json\/wp\/v2\/media?parent=3149"}],"wp:term":[{"taxonomy":"category","embeddable":true,"href":"https:\/\/jugendpflege4.org\/index.php\/wp-json\/wp\/v2\/categories?post=3149"},{"taxonomy":"post_tag","embeddable":true,"href":"https:\/\/jugendpflege4.org\/index.php\/wp-json\/wp\/v2\/tags?post=3149"}],"curies":[{"name":"wp","href":"https:\/\/api.w.org\/{rel}","templated":true}]}}