{"id":3157,"date":"2025-05-13T13:34:06","date_gmt":"2025-05-13T11:34:06","guid":{"rendered":"https:\/\/jugendpflege4.org\/?p=3157"},"modified":"2025-05-13T13:34:06","modified_gmt":"2025-05-13T11:34:06","slug":"wir-bedanken-uns-fuer-die-spende","status":"publish","type":"post","link":"https:\/\/jugendpflege4.org\/index.php\/2025\/05\/13\/wir-bedanken-uns-fuer-die-spende\/","title":{"rendered":"Wir bedanken uns f\u00fcr die Spende!"},"content":{"rendered":"<p><strong>Erl\u00f6s von \u201eRock gegen Rechts\u201c flie\u00dft in Demokratief\u00f6rderung bei Ferienspielen.<\/strong><\/p>\n<p>&nbsp;<\/p>\n<p><em>Echzell-Bingenheim<\/em> \u2013 Eine starke Geste f\u00fcr gelebte Demokratie: Die Initiative Buntes Bingenheim, inzwischen als eingetragener Verein aktiv, hat der Jugendpflege 4.0 eine Spende in H\u00f6he von 2000 Euro \u00fcberreicht. Das Geld stammt aus dem Erl\u00f6s der Veranstaltung \u201eRock gegen Rechts\u201c, die im vergangenen Jahr zahlreiche Besucher anzog und ein klares Zeichen f\u00fcr Toleranz und Vielfalt setzte.<\/p>\n<p>Die Spende sollte m\u00f6glichst regional und f\u00fcr Demokratie f\u00f6rdernde Projekte eingesetzt werden. Da die Jugendpflege 4.0 f\u00fcr die Ferienspiele und Jugendr\u00e4ume aus den vier Kommunen Florstadt, Reichelsheim, Echzell und W\u00f6lfersheim zust\u00e4ndig ist, wurde sie als Empf\u00e4nger f\u00fcr den Erl\u00f6s auserkoren und hat diese Spende mit gro\u00dfer Freude und Dankbarkeit angenommen. Das Geld wird f\u00fcr die \u201eBunte Kinderstadt\u201c Verwendung finden, welche j\u00e4hrlich im Zuge der Sommerferienspiele stattfindet und bereits seit einigen Jahren einen ganz besonderen Programmpunkt in der Angebotsliste darstellt. Hierbei handelt es sich um ein Mitmachprojekt, bei welchem die Kinder und Jugendlichen spielerisch demokratische Prozesse kennenlernen und eigene Ideen beim Bau eines \u201eMini-Stadtstaates\u201c umsetzen k\u00f6nnen. Unterst\u00fctzung finden sie hierbei auch von den B\u00fcrgermeistern und der B\u00fcrgermeisterin der vier Wetterauer Kommunen.<\/p>\n<p>\u201eWir freuen uns sehr, dass unsere Spende eine sinnvolle Verwendung im Bereich der Kinder- und Jugendarbeit gefunden hat und somit auch der nachfolgenden Generation und unserem Nachwuchs vor Ort zu Gute kommt.\u201c, sagte Frau Van Severen vom Verein Buntes Bingenheim, welche den Kontakt zwischen Verein und Jugendpflege herstellte. Es gehe vor allem um die Pflege von Toleranz, Demokratie, Partizipation und Teilhabe. Diese Werte k\u00f6nne man gar nicht fr\u00fch genug lernen.<\/p>\n<p>Der aus der Initiative entstandene Verein \u201eBuntes Bingenheim e.V.\u201c stellt sich kommenden Samstag, den 17.05.2025, beim vom ihm organisierten Fest der Vereine in Bingenheim vor und kann dort von allen Interessierten besucht und kennengelernt werden. \u00dcber zahlreiche Besucher w\u00fcrde er sich freuen.<\/p>\n","protected":false},"excerpt":{"rendered":"<p>Erl\u00f6s von \u201eRock gegen Rechts\u201c flie\u00dft in Demokratief\u00f6rderung bei Ferienspielen. &nbsp; Echzell-Bingenheim \u2013 Eine starke Geste f\u00fcr gelebte Demokratie: Die Initiative Buntes Bingenheim, inzwischen als eingetragener Verein aktiv, hat der Jugendpflege 4.0 eine Spende in H\u00f6he von 2000 Euro \u00fcberreicht. Das Geld stammt aus dem Erl\u00f6s der Veranstaltung \u201eRock gegen Rechts\u201c, die im vergangenen Jahr [&hellip;]<\/p>\n","protected":false},"author":2,"featured_media":3158,"comment_status":"open","ping_status":"open","sticky":false,"template":"","format":"standard","meta":{"_bbp_topic_count":0,"_bbp_reply_count":0,"_bbp_total_topic_count":0,"_bbp_total_reply_count":0,"_bbp_voice_count":0,"_bbp_anonymous_reply_count":0,"_bbp_topic_count_hidden":0,"_bbp_reply_count_hidden":0,"_bbp_forum_subforum_count":0,"footnotes":""},"categories":[1],"tags":[],"class_list":["post-3157","post","type-post","status-publish","format-standard","has-post-thumbnail","hentry","category-allgemein"],"_links":{"self":[{"href":"https:\/\/jugendpflege4.org\/index.php\/wp-json\/wp\/v2\/posts\/3157","targetHints":{"allow":["GET"]}}],"collection":[{"href":"https:\/\/jugendpflege4.org\/index.php\/wp-json\/wp\/v2\/posts"}],"about":[{"href":"https:\/\/jugendpflege4.org\/index.php\/wp-json\/wp\/v2\/types\/post"}],"author":[{"embeddable":true,"href":"https:\/\/jugendpflege4.org\/index.php\/wp-json\/wp\/v2\/users\/2"}],"replies":[{"embeddable":true,"href":"https:\/\/jugendpflege4.org\/index.php\/wp-json\/wp\/v2\/comments?post=3157"}],"version-history":[{"count":1,"href":"https:\/\/jugendpflege4.org\/index.php\/wp-json\/wp\/v2\/posts\/3157\/revisions"}],"predecessor-version":[{"id":3159,"href":"https:\/\/jugendpflege4.org\/index.php\/wp-json\/wp\/v2\/posts\/3157\/revisions\/3159"}],"wp:featuredmedia":[{"embeddable":true,"href":"https:\/\/jugendpflege4.org\/index.php\/wp-json\/wp\/v2\/media\/3158"}],"wp:attachment":[{"href":"https:\/\/jugendpflege4.org\/index.php\/wp-json\/wp\/v2\/media?parent=3157"}],"wp:term":[{"taxonomy":"category","embeddable":true,"href":"https:\/\/jugendpflege4.org\/index.php\/wp-json\/wp\/v2\/categories?post=3157"},{"taxonomy":"post_tag","embeddable":true,"href":"https:\/\/jugendpflege4.org\/index.php\/wp-json\/wp\/v2\/tags?post=3157"}],"curies":[{"name":"wp","href":"https:\/\/api.w.org\/{rel}","templated":true}]}}