{"id":3233,"date":"2025-12-05T10:57:03","date_gmt":"2025-12-05T09:57:03","guid":{"rendered":"https:\/\/jugendpflege4.org\/?p=3233"},"modified":"2025-12-05T11:05:38","modified_gmt":"2025-12-05T10:05:38","slug":"laternenglanz-und-lagerfeuer","status":"publish","type":"post","link":"https:\/\/jugendpflege4.org\/index.php\/2025\/12\/05\/laternenglanz-und-lagerfeuer\/","title":{"rendered":"Laternenglanz und Lagerfeuer"},"content":{"rendered":"<p>An einem Freitagabend im November \u00f6ffneten sich die T\u00fcren der Gemeindeb\u00fccherei Echzell wieder einmal f\u00fcr ganz besondere G\u00e4ste: Begleitet von ihren Kindern eroberten Teddys, Einh\u00f6rner, Puppen, Affen und viele weitere Kuscheltiere die Kinderbuchabteilung und richteten sich zwischen den Regalen gem\u00fctliche Schlafpl\u00e4tze f\u00fcr die Nacht ein.<\/p>\n<p>Anschlie\u00dfend \u00f6ffneten sich die T\u00fcren des Kamishibai-Theaters und Mitorganisatorin Petra St\u00f6ppler las f\u00fcr alle die Abenteuer von Klaus, einer kleinen B\u00fcchermaus mit einem nicht zu stillenden Lesehunger, vor.<\/p>\n<p>Als Kinder und Eltern nach der Gute-Nacht-Geschichte nach Hause gegangen waren, begann das gro\u00dfe Abenteuer. Zun\u00e4chst nahmen die Kuscheltiere am Basteltisch Platz und fertigten sich aus einem Haufen Karton- und Glanzpapier kleine bunte Laternen an. Dann war es Zeit f\u00fcr den gro\u00dfen Umzug mit gemeinsamen Singen, ein Lichtermeer tauchte die n\u00e4chtlichen G\u00e4nge der B\u00fccherei in einen wundersch\u00f6nen Glanz.<\/p>\n<p>Wie es sich f\u00fcr ein richtiges Laternenfest geh\u00f6rt, gab es f\u00fcr Hecht, Frosch, Fl\u00fcgelschwein, Dino, Capybara und Co. nat\u00fcrlich auch ein z\u00fcnftiges Lagerfeuer mit Kinderpunsch und Weckm\u00e4nnern. Es wurde eine lange und unvergessliche Nacht, in der viele Freundschaften f\u00fcrs Leben geschlossen wurden.<\/p>\n<p>Von alledem h\u00e4tten weder die B\u00fcchereimitarbeiterinnen noch die Kinder je erfahren, wenn nicht wie auch schon in den letzten Jahren Tatjana Sch\u00f6ngen von der Jugendpflege 4.0 s\u00e4mtliche witzigen und anr\u00fchrenden Szenen gekonnt mit der Kamera festgehalten h\u00e4tte.<\/p>\n<p>Am n\u00e4chsten Tag konnten die Kinder ihre noch ganz verschlafenen Lieblinge wieder abholen und in einer Diashow sehen, wie die Tiere die B\u00fccherei auf den Kopf gestellt hatten. Zum Abschluss wurden jeder Kuscheltier-Familie noch zwei pers\u00f6nliche Erinnerungsfotos \u00fcberreicht.<\/p>\n<p>Alle waren sich einig: Unsere dritte Nacht der Kuscheltiere war ein Riesenspa\u00df!<\/p>\n<p>Wir m\u00f6chten allen Beteiligten ganz herzlich danken und w\u00fcnschen nun allen Kindern und ihren pl\u00fcschigen Freunden eine frohe Adventszeit.<\/p>\n","protected":false},"excerpt":{"rendered":"<p>An einem Freitagabend im November \u00f6ffneten sich die T\u00fcren der Gemeindeb\u00fccherei Echzell wieder einmal f\u00fcr ganz besondere G\u00e4ste: Begleitet von ihren Kindern eroberten Teddys, Einh\u00f6rner, Puppen, Affen und viele weitere Kuscheltiere die Kinderbuchabteilung und richteten sich zwischen den Regalen gem\u00fctliche Schlafpl\u00e4tze f\u00fcr die Nacht ein. Anschlie\u00dfend \u00f6ffneten sich die T\u00fcren des Kamishibai-Theaters und Mitorganisatorin Petra [&hellip;]<\/p>\n","protected":false},"author":2,"featured_media":3236,"comment_status":"open","ping_status":"open","sticky":false,"template":"","format":"standard","meta":{"_bbp_topic_count":0,"_bbp_reply_count":0,"_bbp_total_topic_count":0,"_bbp_total_reply_count":0,"_bbp_voice_count":0,"_bbp_anonymous_reply_count":0,"_bbp_topic_count_hidden":0,"_bbp_reply_count_hidden":0,"_bbp_forum_subforum_count":0,"footnotes":""},"categories":[1],"tags":[],"class_list":["post-3233","post","type-post","status-publish","format-standard","has-post-thumbnail","hentry","category-allgemein"],"_links":{"self":[{"href":"https:\/\/jugendpflege4.org\/index.php\/wp-json\/wp\/v2\/posts\/3233","targetHints":{"allow":["GET"]}}],"collection":[{"href":"https:\/\/jugendpflege4.org\/index.php\/wp-json\/wp\/v2\/posts"}],"about":[{"href":"https:\/\/jugendpflege4.org\/index.php\/wp-json\/wp\/v2\/types\/post"}],"author":[{"embeddable":true,"href":"https:\/\/jugendpflege4.org\/index.php\/wp-json\/wp\/v2\/users\/2"}],"replies":[{"embeddable":true,"href":"https:\/\/jugendpflege4.org\/index.php\/wp-json\/wp\/v2\/comments?post=3233"}],"version-history":[{"count":2,"href":"https:\/\/jugendpflege4.org\/index.php\/wp-json\/wp\/v2\/posts\/3233\/revisions"}],"predecessor-version":[{"id":3237,"href":"https:\/\/jugendpflege4.org\/index.php\/wp-json\/wp\/v2\/posts\/3233\/revisions\/3237"}],"wp:featuredmedia":[{"embeddable":true,"href":"https:\/\/jugendpflege4.org\/index.php\/wp-json\/wp\/v2\/media\/3236"}],"wp:attachment":[{"href":"https:\/\/jugendpflege4.org\/index.php\/wp-json\/wp\/v2\/media?parent=3233"}],"wp:term":[{"taxonomy":"category","embeddable":true,"href":"https:\/\/jugendpflege4.org\/index.php\/wp-json\/wp\/v2\/categories?post=3233"},{"taxonomy":"post_tag","embeddable":true,"href":"https:\/\/jugendpflege4.org\/index.php\/wp-json\/wp\/v2\/tags?post=3233"}],"curies":[{"name":"wp","href":"https:\/\/api.w.org\/{rel}","templated":true}]}}