{"id":3291,"date":"2026-04-17T11:46:52","date_gmt":"2026-04-17T09:46:52","guid":{"rendered":"https:\/\/jugendpflege4.org\/?p=3291"},"modified":"2026-04-17T11:46:52","modified_gmt":"2026-04-17T09:46:52","slug":"osterfreizeit-war-ein-erfolg","status":"publish","type":"post","link":"https:\/\/jugendpflege4.org\/index.php\/2026\/04\/17\/osterfreizeit-war-ein-erfolg\/","title":{"rendered":"Osterfreizeit war ein Erfolg :)"},"content":{"rendered":"<p><strong>Jugendfreizeit in Freiburg &amp; Europapark 2026<\/strong><\/p>\n<p>Die Jugendfreizeit der Jugendpflege 4.0 in Kooperation mit der Jugendarbeit Rosbach f\u00fchrte in diesem Jahr mit insgesamt 32 Jugendlichen nach Freiburg im Breisgau. Die gemeinsame Fahrt bot den Teilnehmenden die M\u00f6glichkeit, dem Alltag zu entfliehen, neue Eindr\u00fccke zu sammeln und neue Menschen kennenzulernen.<\/p>\n<p>Nach der Ankunft in Freiburg stand zun\u00e4chst das Kennenlernen der Stadt im Mittelpunkt. Bei einer gemeinsamen Erkundungstour durch die historische Altstadt konnten die Jugendlichen die besonderen Sehensw\u00fcrdigkeiten, kleinen Gassen und das typische Flair der Universit\u00e4tsstadt entdecken. Neben kulturellen Eindr\u00fccken blieb auch gen\u00fcgend Zeit f\u00fcr eigene Erkundungen in Kleingruppen.<\/p>\n<p>Ein besonderes Highlight der Freizeit war der Ausflug in den Europa-Park. Hier verbrachten die Jugendlichen einen ganzen Tag voller Action, Spa\u00df und Adrenalin. Ob rasante Achterbahnen oder entspannte Attraktionen \u2013 f\u00fcr jeden Geschmack war etwas dabei. Der Besuch im Freizeitpark sorgte nicht nur f\u00fcr viele unvergessliche Erlebnisse, sondern st\u00e4rkte auch das Gruppengef\u00fchl.<\/p>\n<p>Am letzten Tag f\u00fchrte die Reise zum Dreil\u00e4ndereck bei Weil am Rhein. Dort konnten die Teilnehmenden einen ganz besonderen Ort erleben, an dem Deutschland, Frankreich und die Schweiz aufeinandertreffen. Neben dem geografischen Aspekt bot sich hier auch die Gelegenheit f\u00fcr einen gemeinsamen Abschluss der Freizeit in besonderer Umgebung.<\/p>\n<p>Insgesamt war die Jugendfreizeit eine gelungene Mischung aus kulturellen Erlebnissen, Freizeitspa\u00df und gemeinsamen Aktivit\u00e4ten. Die 32 Jugendlichen konnten neue Freundschaften kn\u00fcpfen, bestehende vertiefen und viele sch\u00f6ne Erinnerungen mit nach Hause nehmen. Auch f\u00fcr das Betreuerteam war die Fahrt ein voller Erfolg und zeigt einmal mehr, wie wertvoll solche gemeinsamen Erlebnisse f\u00fcr die pers\u00f6nliche Entwicklung und das soziale Miteinander sind.<\/p>\n","protected":false},"excerpt":{"rendered":"<p>Jugendfreizeit in Freiburg &amp; Europapark 2026 Die Jugendfreizeit der Jugendpflege 4.0 in Kooperation mit der Jugendarbeit Rosbach f\u00fchrte in diesem Jahr mit insgesamt 32 Jugendlichen nach Freiburg im Breisgau. Die gemeinsame Fahrt bot den Teilnehmenden die M\u00f6glichkeit, dem Alltag zu entfliehen, neue Eindr\u00fccke zu sammeln und neue Menschen kennenzulernen. Nach der Ankunft in Freiburg stand [&hellip;]<\/p>\n","protected":false},"author":2,"featured_media":3292,"comment_status":"open","ping_status":"open","sticky":false,"template":"","format":"standard","meta":{"_bbp_topic_count":0,"_bbp_reply_count":0,"_bbp_total_topic_count":0,"_bbp_total_reply_count":0,"_bbp_voice_count":0,"_bbp_anonymous_reply_count":0,"_bbp_topic_count_hidden":0,"_bbp_reply_count_hidden":0,"_bbp_forum_subforum_count":0,"footnotes":""},"categories":[1],"tags":[],"class_list":["post-3291","post","type-post","status-publish","format-standard","has-post-thumbnail","hentry","category-allgemein"],"_links":{"self":[{"href":"https:\/\/jugendpflege4.org\/index.php\/wp-json\/wp\/v2\/posts\/3291","targetHints":{"allow":["GET"]}}],"collection":[{"href":"https:\/\/jugendpflege4.org\/index.php\/wp-json\/wp\/v2\/posts"}],"about":[{"href":"https:\/\/jugendpflege4.org\/index.php\/wp-json\/wp\/v2\/types\/post"}],"author":[{"embeddable":true,"href":"https:\/\/jugendpflege4.org\/index.php\/wp-json\/wp\/v2\/users\/2"}],"replies":[{"embeddable":true,"href":"https:\/\/jugendpflege4.org\/index.php\/wp-json\/wp\/v2\/comments?post=3291"}],"version-history":[{"count":1,"href":"https:\/\/jugendpflege4.org\/index.php\/wp-json\/wp\/v2\/posts\/3291\/revisions"}],"predecessor-version":[{"id":3293,"href":"https:\/\/jugendpflege4.org\/index.php\/wp-json\/wp\/v2\/posts\/3291\/revisions\/3293"}],"wp:featuredmedia":[{"embeddable":true,"href":"https:\/\/jugendpflege4.org\/index.php\/wp-json\/wp\/v2\/media\/3292"}],"wp:attachment":[{"href":"https:\/\/jugendpflege4.org\/index.php\/wp-json\/wp\/v2\/media?parent=3291"}],"wp:term":[{"taxonomy":"category","embeddable":true,"href":"https:\/\/jugendpflege4.org\/index.php\/wp-json\/wp\/v2\/categories?post=3291"},{"taxonomy":"post_tag","embeddable":true,"href":"https:\/\/jugendpflege4.org\/index.php\/wp-json\/wp\/v2\/tags?post=3291"}],"curies":[{"name":"wp","href":"https:\/\/api.w.org\/{rel}","templated":true}]}}